{"id":59710,"date":"2024-07-18T06:35:23","date_gmt":"2024-07-18T12:35:23","guid":{"rendered":"https:\/\/elinformante.mx\/?p=59710"},"modified":"2024-07-18T06:35:24","modified_gmt":"2024-07-18T12:35:24","slug":"facultad-de-humanidades-nodo-investigador-de-los-objetivos-de-desarrollo-sostenible-cebd","status":"publish","type":"post","link":"https:\/\/elinformante.mx\/?p=59710","title":{"rendered":"Facultad de Humanidades nodo investigador de los objetivos de desarrollo sostenible: CEBD"},"content":{"rendered":"\n<blockquote class=\"wp-block-quote is-layout-flow wp-block-quote-is-layout-flow\">\n<p class=\"wp-block-paragraph\">Destaca la realizaci\u00f3n de 75 productos acad\u00e9micos y de investigaci\u00f3n, entre art\u00edculos cient\u00edficos en revistas, incluidas en \u00edndices internacionales de prestigio.<\/p>\n<\/blockquote>\n\n\n\n<p class=\"wp-block-paragraph\">La Facultad de Humanidades de la Universidad Aut\u00f3noma del Estado de M\u00e9xico (UAEM\u00e9x) es un nodo de docencia, investigaci\u00f3n y difusi\u00f3n de conocimiento human\u00edstico, que se caracteriza por su amplia producci\u00f3n cient\u00edfica aasociadaa las tem\u00e1ticas de educaci\u00f3n de calidad e igualdad de g\u00e9nero, que forman parte de los Objetivos de Desarrollo Sostenible (ODS), destac\u00f3 el rector, Carlos Eduardo Barrera D\u00edaz, al encabezar el segundo informe de actividades de la directora de este organismo acad\u00e9mico, Beatriz Adriana Gonz\u00e1lez Dur\u00e1n.<br><\/p>\n\n\n\n<p class=\"wp-block-paragraph\">Ante los miembros de los consejos acad\u00e9mico y de gobierno de la Facultad, integrantes del gabinete universitario, eex directores invitados especiales, as\u00ed como estudiantes, docentes y trabajadores administrativos, Barrera D\u00edaz enfatiz\u00f3 que el 50 por ciento de sus cuerpos acad\u00e9micos se encuentran en el m\u00e1ximo nivel al estar consolidados. Adem\u00e1s, se realizaron 75 productos acad\u00e9micos y de investigaci\u00f3n entre tesis de licenciatura, posgrado, art\u00edculos cient\u00edficos en revistas incluidas en \u00edndices internacionales de prestigio.<br><\/p>\n\n\n\n<p class=\"wp-block-paragraph\">\u201cReconozco el trabajo de publicaci\u00f3n del estudiantado al registrar m\u00e1s de 10 trabajos en la Revista Digital Tlamatini. De igual forma, felicit\u00f3 tambi\u00e9n a las y los estudiantes que participan en la brigada multidisciplinaria de promoci\u00f3n de la lectura y las brigadas universitarias multidisciplinarias\u201d, abund\u00f3.<br><\/p>\n\n\n\n<p class=\"wp-block-paragraph\">Asimismo, destac\u00f3 que la comunidad estudiantil tambi\u00e9n aprende innovando cuando ponen en escena obras de autores renacentistas, modernos y contempor\u00e1neos en montajes que representan a nuestra universidad en los encuentros de talento art\u00edstico estudiantil, entre otros foros extramuros.<br><\/p>\n\n\n\n<figure class=\"wp-block-image size-large\"><img fetchpriority=\"high\" decoding=\"async\" width=\"1024\" height=\"503\" src=\"https:\/\/elinformante.mx\/wp-content\/uploads\/2024\/07\/10UAEMEX-3-3-1024x503.jpg\" alt=\"\" class=\"wp-image-59712\" srcset=\"https:\/\/elinformante.mx\/wp-content\/uploads\/2024\/07\/10UAEMEX-3-3-1024x503.jpg 1024w, https:\/\/elinformante.mx\/wp-content\/uploads\/2024\/07\/10UAEMEX-3-3-300x147.jpg 300w, https:\/\/elinformante.mx\/wp-content\/uploads\/2024\/07\/10UAEMEX-3-3-768x377.jpg 768w, https:\/\/elinformante.mx\/wp-content\/uploads\/2024\/07\/10UAEMEX-3-3-580x285.jpg 580w, https:\/\/elinformante.mx\/wp-content\/uploads\/2024\/07\/10UAEMEX-3-3-860x422.jpg 860w, https:\/\/elinformante.mx\/wp-content\/uploads\/2024\/07\/10UAEMEX-3-3.jpg 1140w\" sizes=\"(max-width: 1024px) 100vw, 1024px\" \/><\/figure>\n\n\n\n<p class=\"wp-block-paragraph\">Previo al informe, el rector de la Aut\u00f3noma mexiquense hizo entrega de 150 pupitres para el estudiantado, 20 computadoras y 15 sillas para el personal administrativo y 15 computadoras m\u00e1s para mejorar las actividades del laboratorio digital de idiomas. Adem\u00e1s, se inaugur\u00f3 la Sala de Lectura del Programa Nacional de Salas de Lectura en conjunto con el Gobierno del Estado de M\u00e9xico.<br><\/p>\n\n\n\n<p class=\"wp-block-paragraph\">Asimismo, se entregaron 13 reconocimientos al personal docente fundador del posgrado en Humanidades por su compromiso educativo con la comunidad universitaria de este espacio.<br><\/p>\n\n\n\n<p class=\"wp-block-paragraph\">Por su parte, Beatriz Adriana Gonz\u00e1lez Dur\u00e1n destac\u00f3 que el trabajo de investigaci\u00f3n de este espacio acad\u00e9mico incide en la realidad inmediata, prueba de ello es el trabajo colegiado de las y los investigadores, en los 12 cuerpos acad\u00e9micos y las siete redes de colaboraci\u00f3n nacional y dos internacionales.<br><\/p>\n\n\n\n<p class=\"wp-block-paragraph\">Adem\u00e1s, el trabajo del Comit\u00e9 de G\u00e9nero promovi\u00f3 charlas y capacitaciones que contaron con m\u00e1s de cien integrantes de este espacio para ense\u00f1arles sobre las implicaciones de la violencia, la riqueza de la diversidad sexo-gen\u00e9rica, inclusi\u00f3n e interculturalidad.<\/p>\n","protected":false},"excerpt":{"rendered":"<p>Destaca la realizaci\u00f3n de 75 productos acad\u00e9micos y de investigaci\u00f3n, entre art\u00edculos cient\u00edficos en revistas, incluidas en \u00edndices internacionales de prestigio. La Facultad de Humanidades de la Universidad Aut\u00f3noma del Estado de M\u00e9xico (UAEM\u00e9x) es un nodo de docencia, investigaci\u00f3n y difusi\u00f3n de conocimiento human\u00edstico, que se caracteriza por su amplia producci\u00f3n cient\u00edfica aasociadaa las [&hellip;]<\/p>\n","protected":false},"author":1,"featured_media":59711,"comment_status":"closed","ping_status":"closed","sticky":false,"template":"","format":"standard","meta":{"footnotes":""},"categories":[30,36],"tags":[],"class_list":["post-59710","post","type-post","status-publish","format-standard","has-post-thumbnail","hentry","category-destacado","category-edomex"],"_links":{"self":[{"href":"https:\/\/elinformante.mx\/index.php?rest_route=\/wp\/v2\/posts\/59710","targetHints":{"allow":["GET"]}}],"collection":[{"href":"https:\/\/elinformante.mx\/index.php?rest_route=\/wp\/v2\/posts"}],"about":[{"href":"https:\/\/elinformante.mx\/index.php?rest_route=\/wp\/v2\/types\/post"}],"author":[{"embeddable":true,"href":"https:\/\/elinformante.mx\/index.php?rest_route=\/wp\/v2\/users\/1"}],"replies":[{"embeddable":true,"href":"https:\/\/elinformante.mx\/index.php?rest_route=%2Fwp%2Fv2%2Fcomments&post=59710"}],"version-history":[{"count":0,"href":"https:\/\/elinformante.mx\/index.php?rest_route=\/wp\/v2\/posts\/59710\/revisions"}],"wp:featuredmedia":[{"embeddable":true,"href":"https:\/\/elinformante.mx\/index.php?rest_route=\/wp\/v2\/media\/59711"}],"wp:attachment":[{"href":"https:\/\/elinformante.mx\/index.php?rest_route=%2Fwp%2Fv2%2Fmedia&parent=59710"}],"wp:term":[{"taxonomy":"category","embeddable":true,"href":"https:\/\/elinformante.mx\/index.php?rest_route=%2Fwp%2Fv2%2Fcategories&post=59710"},{"taxonomy":"post_tag","embeddable":true,"href":"https:\/\/elinformante.mx\/index.php?rest_route=%2Fwp%2Fv2%2Ftags&post=59710"}],"curies":[{"name":"wp","href":"https:\/\/api.w.org\/{rel}","templated":true}]}}