{"id":59766,"date":"2024-07-18T07:45:52","date_gmt":"2024-07-18T13:45:52","guid":{"rendered":"https:\/\/elinformante.mx\/?p=59766"},"modified":"2024-07-18T07:45:53","modified_gmt":"2024-07-18T13:45:53","slug":"preve-lopez-obrador-una-mayor-reduccion-en-la-pobreza-durante-2024","status":"publish","type":"post","link":"https:\/\/elinformante.mx\/?p=59766","title":{"rendered":"PREV\u00c9 L\u00d3PEZ OBRADOR UNA MAYOR REDUCCI\u00d3N EN LA POBREZA DURANTE 2024"},"content":{"rendered":"\n<blockquote class=\"wp-block-quote is-layout-flow wp-block-quote-is-layout-flow\">\n<p class=\"wp-block-paragraph\">Se redujo 5% el promedio de la pobreza en el pa\u00eds desde 2018 hasta 2022, por lo c\u00faal el mandatario espera que las nuevas encuestas den a conocer una reducci\u00f3n m\u00e1s grande.<\/p>\n<\/blockquote>\n\n\n\n<p class=\"wp-block-paragraph\">El presidente Andr\u00e9s Manuel L\u00f3pez Obrador, augur\u00f3 una reducci\u00f3n m\u00e1s pronunciada de la pobreza en el pa\u00eds para 2024, en vistas a la elaboraci\u00f3n de la Encuesta Nacional de Ingresos y Gastos de los Hogares del Instituto Nacional de Estad\u00edstica y Geograf\u00eda.<br><\/p>\n\n\n\n<p class=\"wp-block-paragraph\">\u201cSe redujo 5% el promedio de la pobreza en el pa\u00eds desde 2018 hasta 2022 y yo espero que, ahora, que se va a empezar a hacer la nueva encuesta de ingresos y gastos, va a bajar m\u00e1s\u201d, anhel\u00f3 en la ma\u00f1anera de este martes desde Palacio Nacional.<br><\/p>\n\n\n\n<p class=\"wp-block-paragraph\">Advirti\u00f3 de que los resultados de dicho sondeo elaborado bianualmente se publicar\u00e1n en 2025, cuando la Administraci\u00f3n de la futura mandataria, Claudia Sheinbaum, ya llevar\u00e1 algunos meses de rodaje.<br><\/p>\n\n\n\n<figure class=\"wp-block-image size-large\"><img fetchpriority=\"high\" decoding=\"async\" width=\"1024\" height=\"503\" src=\"https:\/\/elinformante.mx\/wp-content\/uploads\/2024\/07\/9amlo-3-3-1024x503.jpg\" alt=\"\" class=\"wp-image-59768\" srcset=\"https:\/\/elinformante.mx\/wp-content\/uploads\/2024\/07\/9amlo-3-3-1024x503.jpg 1024w, https:\/\/elinformante.mx\/wp-content\/uploads\/2024\/07\/9amlo-3-3-300x147.jpg 300w, https:\/\/elinformante.mx\/wp-content\/uploads\/2024\/07\/9amlo-3-3-768x377.jpg 768w, https:\/\/elinformante.mx\/wp-content\/uploads\/2024\/07\/9amlo-3-3-580x285.jpg 580w, https:\/\/elinformante.mx\/wp-content\/uploads\/2024\/07\/9amlo-3-3-860x422.jpg 860w, https:\/\/elinformante.mx\/wp-content\/uploads\/2024\/07\/9amlo-3-3.jpg 1140w\" sizes=\"(max-width: 1024px) 100vw, 1024px\" \/><\/figure>\n\n\n\n<p class=\"wp-block-paragraph\">\u201cLa presidenta est\u00e1 consciente de que se debe mantener la pol\u00edtica de desarrollo que beneficie a todo el pa\u00eds. Esta es la diferencia entre crecimiento y desarrollo: no es solo crecer por crecer, sino que se tenga el crecimiento, pero tambi\u00e9n bienestar y una buena distribuci\u00f3n\u201d, exhort\u00f3 L\u00f3pez Obrador.<br><\/p>\n\n\n\n<p class=\"wp-block-paragraph\">A su juicio, potenciar sus obras estrat\u00e9gicas, como el Corredor Interoce\u00e1nico del Istmo de Tehuantepec, que conectar\u00e1 al oc\u00e9ano Pac\u00edfico con el Atl\u00e1ntico en el sureste del pa\u00eds, es muy importante, lo que se traduce en una inversi\u00f3n p\u00fablica como nunca se hab\u00eda hecho en esta zona.<br><\/p>\n\n\n\n<p class=\"wp-block-paragraph\">\u201cPor esto, se logr\u00f3 un equilibrio y el sureste sali\u00f3 adelante\u201c, celebr\u00f3, al recordar que la regi\u00f3n siempre hab\u00eda quedado rezagado a pesar de haber aportado mucho al desarrollo nacional.<br><\/p>\n\n\n\n<figure class=\"wp-block-image size-large\"><img decoding=\"async\" width=\"1024\" height=\"503\" src=\"https:\/\/elinformante.mx\/wp-content\/uploads\/2024\/07\/9amlo2-1024x503.jpg\" alt=\"\" class=\"wp-image-59769\" srcset=\"https:\/\/elinformante.mx\/wp-content\/uploads\/2024\/07\/9amlo2-1024x503.jpg 1024w, https:\/\/elinformante.mx\/wp-content\/uploads\/2024\/07\/9amlo2-300x147.jpg 300w, https:\/\/elinformante.mx\/wp-content\/uploads\/2024\/07\/9amlo2-768x377.jpg 768w, https:\/\/elinformante.mx\/wp-content\/uploads\/2024\/07\/9amlo2-580x285.jpg 580w, https:\/\/elinformante.mx\/wp-content\/uploads\/2024\/07\/9amlo2-860x422.jpg 860w, https:\/\/elinformante.mx\/wp-content\/uploads\/2024\/07\/9amlo2.jpg 1140w\" sizes=\"(max-width: 1024px) 100vw, 1024px\" \/><\/figure>\n\n\n\n<p class=\"wp-block-paragraph\">Para 2022, el Consejo Nacional de Evaluaci\u00f3n de la Pol\u00edtica de Desarrollo Social (Coneval) revel\u00f3 que el porcentaje de poblaci\u00f3n en situaci\u00f3n de pobreza baj\u00f3 a 36.3% frente a la proporci\u00f3n de 43.9% de 2020, un descenso de 7.6 puntos porcentuales.<br><\/p>\n\n\n\n<p class=\"wp-block-paragraph\">Adem\u00e1s, 1.7 millones de personas salieron de la pobreza extrema para un total de 9.1 millones.<br><\/p>\n\n\n\n<p class=\"wp-block-paragraph\">Esto representa una proporci\u00f3n del 7.1% de la poblaci\u00f3n y un decrecimiento de 1.4 puntos porcentuales frente a 2020, cuando hab\u00eda 10.8 millones de mexicanos en esta situaci\u00f3n.<br><\/p>\n\n\n\n<figure class=\"wp-block-image size-large\"><img decoding=\"async\" width=\"1024\" height=\"503\" src=\"https:\/\/elinformante.mx\/wp-content\/uploads\/2024\/07\/9amlo-7-1024x503.jpg\" alt=\"\" class=\"wp-image-59770\" srcset=\"https:\/\/elinformante.mx\/wp-content\/uploads\/2024\/07\/9amlo-7-1024x503.jpg 1024w, https:\/\/elinformante.mx\/wp-content\/uploads\/2024\/07\/9amlo-7-300x147.jpg 300w, https:\/\/elinformante.mx\/wp-content\/uploads\/2024\/07\/9amlo-7-768x377.jpg 768w, https:\/\/elinformante.mx\/wp-content\/uploads\/2024\/07\/9amlo-7-580x285.jpg 580w, https:\/\/elinformante.mx\/wp-content\/uploads\/2024\/07\/9amlo-7-860x422.jpg 860w, https:\/\/elinformante.mx\/wp-content\/uploads\/2024\/07\/9amlo-7.jpg 1140w\" sizes=\"(max-width: 1024px) 100vw, 1024px\" \/><\/figure>\n\n\n\n<p class=\"wp-block-paragraph\">Los estados con mayor proporci\u00f3n de pobreza eran Chiapas (67.4%), Guerrero (60.4%), Oaxaca (58.4%), Puebla (54%) y Tlaxcala (52.5%), todos en el sur y centro del pa\u00eds.<br><\/p>\n\n\n\n<p class=\"wp-block-paragraph\">\u201cLa presidenta electa va a apoyar mucho el centro, el Baj\u00edo y el norte con los trenes de pasajeros\u201c, reiter\u00f3 L\u00f3pez Obrador, con la mirada al relevo con Sheinbaum lo releve en el Palacio Nacional.<br><\/p>\n\n\n\n<p class=\"wp-block-paragraph\">La que ser\u00e1 la primera mujer mandataria del pa\u00eds anunci\u00f3 la creaci\u00f3n de dos nuevas l\u00edneas de trenes de pasajeros, una partiendo de la Ciudad de M\u00e9xico hacia Guadalajara, y la otra hacia Nuevo Laredo-Tamaulipas similares al Tren Maya.<\/p>\n","protected":false},"excerpt":{"rendered":"<p>Se redujo 5% el promedio de la pobreza en el pa\u00eds desde 2018 hasta 2022, por lo c\u00faal el mandatario espera que las nuevas encuestas den a conocer una reducci\u00f3n m\u00e1s grande. El presidente Andr\u00e9s Manuel L\u00f3pez Obrador, augur\u00f3 una reducci\u00f3n m\u00e1s pronunciada de la pobreza en el pa\u00eds para 2024, en vistas a la [&hellip;]<\/p>\n","protected":false},"author":1,"featured_media":59767,"comment_status":"closed","ping_status":"closed","sticky":false,"template":"","format":"standard","meta":{"footnotes":""},"categories":[30,34,31],"tags":[],"class_list":["post-59766","post","type-post","status-publish","format-standard","has-post-thumbnail","hentry","category-destacado","category-nacional","category-portada"],"_links":{"self":[{"href":"https:\/\/elinformante.mx\/index.php?rest_route=\/wp\/v2\/posts\/59766","targetHints":{"allow":["GET"]}}],"collection":[{"href":"https:\/\/elinformante.mx\/index.php?rest_route=\/wp\/v2\/posts"}],"about":[{"href":"https:\/\/elinformante.mx\/index.php?rest_route=\/wp\/v2\/types\/post"}],"author":[{"embeddable":true,"href":"https:\/\/elinformante.mx\/index.php?rest_route=\/wp\/v2\/users\/1"}],"replies":[{"embeddable":true,"href":"https:\/\/elinformante.mx\/index.php?rest_route=%2Fwp%2Fv2%2Fcomments&post=59766"}],"version-history":[{"count":0,"href":"https:\/\/elinformante.mx\/index.php?rest_route=\/wp\/v2\/posts\/59766\/revisions"}],"wp:featuredmedia":[{"embeddable":true,"href":"https:\/\/elinformante.mx\/index.php?rest_route=\/wp\/v2\/media\/59767"}],"wp:attachment":[{"href":"https:\/\/elinformante.mx\/index.php?rest_route=%2Fwp%2Fv2%2Fmedia&parent=59766"}],"wp:term":[{"taxonomy":"category","embeddable":true,"href":"https:\/\/elinformante.mx\/index.php?rest_route=%2Fwp%2Fv2%2Fcategories&post=59766"},{"taxonomy":"post_tag","embeddable":true,"href":"https:\/\/elinformante.mx\/index.php?rest_route=%2Fwp%2Fv2%2Ftags&post=59766"}],"curies":[{"name":"wp","href":"https:\/\/api.w.org\/{rel}","templated":true}]}}