{"id":60860,"date":"2024-08-07T05:52:55","date_gmt":"2024-08-07T11:52:55","guid":{"rendered":"https:\/\/elinformante.mx\/?p=60860"},"modified":"2024-08-07T05:52:56","modified_gmt":"2024-08-07T11:52:56","slug":"anota-santi-su-primer-gol-de-la-temporada","status":"publish","type":"post","link":"https:\/\/elinformante.mx\/?p=60860","title":{"rendered":"Anota Santi su primer gol de la temporada"},"content":{"rendered":"\n<blockquote class=\"wp-block-quote is-layout-flow wp-block-quote-is-layout-flow\">\n<p>El futbolista mexicano Santiago Gim\u00e9nez anota desde los 11 pasos su primer gol en la Supercopa de los Pa\u00edses Bajos ante Ajax<\/p>\n<\/blockquote>\n\n\n\n<p>El primer partido oficial de la temporada de Santiago Gim\u00e9nez comenz\u00f3 de la mejor manera con dos anotaciones m\u00e1s del mexicano con el Feyenoord durante la Supercopa de los Pa\u00edses Bajos.<br><\/p>\n\n\n\n<p>El partido ante el Ajax dio el primer gol oficial de la temporada para Gim\u00e9nez, quien desde los 11 pasos marc\u00f3 lo que ser\u00eda el empate del partido; el cuadro rival se hab\u00eda adelantado con un tanto de Noa Lang a los 9 minutos.<br><\/p>\n\n\n\n<p>La anotaci\u00f3n del futbolista mexicano lleg\u00f3 por la v\u00eda del penal, con Santiago intercambiando la infracci\u00f3n por gol a los 29 minutos de la primera mitad. Cuatro minutos despu\u00e9s el Feyenoord ya le hab\u00eda dado la vuelta al marcador.<br><\/p>\n\n\n\n<p>Con el partido empatado a dos goles, Santi volvi\u00f3 a presentarse en el marcador, dando la ventaja momentanea a los suyos con un tanto m\u00e1s desde el punto penal, anotando el primer doblete de la campa\u00f1a.<br><\/p>\n\n\n\n<figure class=\"wp-block-image size-large\"><img fetchpriority=\"high\" decoding=\"async\" width=\"1024\" height=\"503\" src=\"https:\/\/elinformante.mx\/wp-content\/uploads\/2024\/08\/14santi-1024x503.jpg\" alt=\"\" class=\"wp-image-60862\" srcset=\"https:\/\/elinformante.mx\/wp-content\/uploads\/2024\/08\/14santi-1024x503.jpg 1024w, https:\/\/elinformante.mx\/wp-content\/uploads\/2024\/08\/14santi-300x147.jpg 300w, https:\/\/elinformante.mx\/wp-content\/uploads\/2024\/08\/14santi-768x377.jpg 768w, https:\/\/elinformante.mx\/wp-content\/uploads\/2024\/08\/14santi-580x285.jpg 580w, https:\/\/elinformante.mx\/wp-content\/uploads\/2024\/08\/14santi-860x422.jpg 860w, https:\/\/elinformante.mx\/wp-content\/uploads\/2024\/08\/14santi.jpg 1140w\" sizes=\"(max-width: 1024px) 100vw, 1024px\" \/><\/figure>\n\n\n\n<p>El partido fue una lluvia de goles y tras el 4 por 4, la coronaci\u00f3n de la Supercopa se dio desde la tanda de penales. Ya con el mexicano en la banca, el Feyenoord se coron\u00f3 campe\u00f3n al vencer 4-2 al Ajax.<br><\/p>\n\n\n\n<p>Hay que recordar que el delantero de la Selecci\u00f3n Mexicana tuvo poca actividad con su club en la pretemporada, pues debido a su participaci\u00f3n en Copa Am\u00e9rica se incorporo despu\u00e9s que sus compa\u00f1eros y \u00fanicamente disput\u00f3 un encuentro amistoso, en donde no logr\u00f3 anotar gol.<br><\/p>\n\n\n\n<p>La temporada pasada, Gim\u00e9nez finaliz\u00f3 con un registro de 27 goles y 7 asistencias en 41 partidos, con 23 de ellos siendo en la Eredivisie, quedando en tercer lugar de la tabla de goleo.<br><\/p>\n\n\n\n<p>El Feyenoord se encuentra disputando la Supercopa de los Pa\u00edses Bajos debido a que el equipo neerland\u00e9s se coron\u00f3 en la Copa de su pa\u00eds, mientras que el Ajax conquist\u00f3 su liga.<\/p>\n","protected":false},"excerpt":{"rendered":"<p>El futbolista mexicano Santiago Gim\u00e9nez anota desde los 11 pasos su primer gol en la Supercopa de los Pa\u00edses Bajos ante Ajax El primer partido oficial de la temporada de Santiago Gim\u00e9nez comenz\u00f3 de la mejor manera con dos anotaciones m\u00e1s del mexicano con el Feyenoord durante la Supercopa de los Pa\u00edses Bajos. El partido [&hellip;]<\/p>\n","protected":false},"author":1,"featured_media":60861,"comment_status":"closed","ping_status":"closed","sticky":false,"template":"","format":"standard","meta":{"footnotes":""},"categories":[38],"tags":[],"class_list":["post-60860","post","type-post","status-publish","format-standard","has-post-thumbnail","hentry","category-deportes"],"_links":{"self":[{"href":"https:\/\/elinformante.mx\/index.php?rest_route=\/wp\/v2\/posts\/60860","targetHints":{"allow":["GET"]}}],"collection":[{"href":"https:\/\/elinformante.mx\/index.php?rest_route=\/wp\/v2\/posts"}],"about":[{"href":"https:\/\/elinformante.mx\/index.php?rest_route=\/wp\/v2\/types\/post"}],"author":[{"embeddable":true,"href":"https:\/\/elinformante.mx\/index.php?rest_route=\/wp\/v2\/users\/1"}],"replies":[{"embeddable":true,"href":"https:\/\/elinformante.mx\/index.php?rest_route=%2Fwp%2Fv2%2Fcomments&post=60860"}],"version-history":[{"count":0,"href":"https:\/\/elinformante.mx\/index.php?rest_route=\/wp\/v2\/posts\/60860\/revisions"}],"wp:featuredmedia":[{"embeddable":true,"href":"https:\/\/elinformante.mx\/index.php?rest_route=\/wp\/v2\/media\/60861"}],"wp:attachment":[{"href":"https:\/\/elinformante.mx\/index.php?rest_route=%2Fwp%2Fv2%2Fmedia&parent=60860"}],"wp:term":[{"taxonomy":"category","embeddable":true,"href":"https:\/\/elinformante.mx\/index.php?rest_route=%2Fwp%2Fv2%2Fcategories&post=60860"},{"taxonomy":"post_tag","embeddable":true,"href":"https:\/\/elinformante.mx\/index.php?rest_route=%2Fwp%2Fv2%2Ftags&post=60860"}],"curies":[{"name":"wp","href":"https:\/\/api.w.org\/{rel}","templated":true}]}}