{"id":60865,"date":"2024-08-07T05:54:23","date_gmt":"2024-08-07T11:54:23","guid":{"rendered":"https:\/\/elinformante.mx\/?p=60865"},"modified":"2024-08-07T05:54:24","modified_gmt":"2024-08-07T11:54:24","slug":"marco-verde-continua-en-su-lucha-por-el-oro-en-paris-2024","status":"publish","type":"post","link":"https:\/\/elinformante.mx\/?p=60865","title":{"rendered":"Marco Verde contin\u00faa en su lucha por el oro en Par\u00eds 2024"},"content":{"rendered":"\n<blockquote class=\"wp-block-quote is-layout-flow wp-block-quote-is-layout-flow\">\n<p>El atleta mejor\u00f3 el color de su medalla en boxeo al pasar a la final de los 71kg de box en los Juegos Ol\u00edmpicos.<\/p>\n<\/blockquote>\n\n\n\n<p>\u00a1A la final por la medalla de oro! Marco Verde, quien ya hab\u00eda asegurado una medalla para M\u00e9xico, buscar\u00e1 la presea dorada ante el uzbeko, Asadkhuja Muydinkhujaev.<br><\/p>\n\n\n\n<p>Marco Verde asegur\u00f3 la medalla de plata para M\u00e9xico en el boxeo de los Juegos Ol\u00edmpicos de Par\u00eds tras vencer por decisi\u00f3n dividida al brit\u00e1nico Lewis Richardson en la semifinal de la categor\u00eda de 71 kilogramos.<br><\/p>\n\n\n\n<p>El boxeador de 22 a\u00f1os disputar\u00e1 la medalla de oro ante Asadkhuja Muydinkhujaev de Uzbekist\u00e1n, quien derrot\u00f3 al estadounidense Omari Jones en la otra semifinal.<br><\/p>\n\n\n\n<p>M\u00e9xico no consegu\u00eda medalla ol\u00edmpica en boxeo desde R\u00edo 2016, donde Misael Rodr\u00edguez gan\u00f3 el bronce.<br><\/p>\n\n\n\n<figure class=\"wp-block-image size-large\"><img fetchpriority=\"high\" decoding=\"async\" width=\"1024\" height=\"503\" src=\"https:\/\/elinformante.mx\/wp-content\/uploads\/2024\/08\/14marco-3-1024x503.jpg\" alt=\"\" class=\"wp-image-60867\" srcset=\"https:\/\/elinformante.mx\/wp-content\/uploads\/2024\/08\/14marco-3-1024x503.jpg 1024w, https:\/\/elinformante.mx\/wp-content\/uploads\/2024\/08\/14marco-3-300x147.jpg 300w, https:\/\/elinformante.mx\/wp-content\/uploads\/2024\/08\/14marco-3-768x377.jpg 768w, https:\/\/elinformante.mx\/wp-content\/uploads\/2024\/08\/14marco-3-580x285.jpg 580w, https:\/\/elinformante.mx\/wp-content\/uploads\/2024\/08\/14marco-3-860x422.jpg 860w, https:\/\/elinformante.mx\/wp-content\/uploads\/2024\/08\/14marco-3.jpg 1140w\" sizes=\"(max-width: 1024px) 100vw, 1024px\" \/><\/figure>\n\n\n\n<p>En la pelea disputada en el estadio Roland Garros, ambos boxeadores salieron agresivos, aunque Verde impact\u00f3 en varias ocasiones el rostro de Richardson, provoc\u00e1ndole un corte en el p\u00f3mulo izquierdo.<br><\/p>\n\n\n\n<p>Richardson reaccion\u00f3 en el segundo round y fue m\u00e1s certero en sus golpes sobre el boxeador mexicano, quien en el \u00faltimo episodio sali\u00f3 decidido a quedarse con la victoria, realizando varias combinaciones de ataques sobre el rostro de su oponente.<br><\/p>\n\n\n\n<p>Tres jueces le dieron la victoria a Verde por 29-28, 30-27 y 29-28, mientras que los otros se la dieron a Richardson por 29-28. Tras escuchar la decisi\u00f3n, el mexicano dio varios saltos y alz\u00f3 los brazos.<br><\/p>\n\n\n\n<p>Marco Verde buscar\u00e1 la presea dorada ante el uzbeko, Asadkhuja Muydinkhujaev, el pr\u00f3ximo viernes 9 de agosto a la 1:30 pm (tiempo del Centro de M\u00e9xico).<\/p>\n","protected":false},"excerpt":{"rendered":"<p>El atleta mejor\u00f3 el color de su medalla en boxeo al pasar a la final de los 71kg de box en los Juegos Ol\u00edmpicos. \u00a1A la final por la medalla de oro! Marco Verde, quien ya hab\u00eda asegurado una medalla para M\u00e9xico, buscar\u00e1 la presea dorada ante el uzbeko, Asadkhuja Muydinkhujaev. Marco Verde asegur\u00f3 la [&hellip;]<\/p>\n","protected":false},"author":1,"featured_media":60866,"comment_status":"closed","ping_status":"closed","sticky":false,"template":"","format":"standard","meta":{"footnotes":""},"categories":[38,30],"tags":[],"class_list":["post-60865","post","type-post","status-publish","format-standard","has-post-thumbnail","hentry","category-deportes","category-destacado"],"_links":{"self":[{"href":"https:\/\/elinformante.mx\/index.php?rest_route=\/wp\/v2\/posts\/60865","targetHints":{"allow":["GET"]}}],"collection":[{"href":"https:\/\/elinformante.mx\/index.php?rest_route=\/wp\/v2\/posts"}],"about":[{"href":"https:\/\/elinformante.mx\/index.php?rest_route=\/wp\/v2\/types\/post"}],"author":[{"embeddable":true,"href":"https:\/\/elinformante.mx\/index.php?rest_route=\/wp\/v2\/users\/1"}],"replies":[{"embeddable":true,"href":"https:\/\/elinformante.mx\/index.php?rest_route=%2Fwp%2Fv2%2Fcomments&post=60865"}],"version-history":[{"count":0,"href":"https:\/\/elinformante.mx\/index.php?rest_route=\/wp\/v2\/posts\/60865\/revisions"}],"wp:featuredmedia":[{"embeddable":true,"href":"https:\/\/elinformante.mx\/index.php?rest_route=\/wp\/v2\/media\/60866"}],"wp:attachment":[{"href":"https:\/\/elinformante.mx\/index.php?rest_route=%2Fwp%2Fv2%2Fmedia&parent=60865"}],"wp:term":[{"taxonomy":"category","embeddable":true,"href":"https:\/\/elinformante.mx\/index.php?rest_route=%2Fwp%2Fv2%2Fcategories&post=60865"},{"taxonomy":"post_tag","embeddable":true,"href":"https:\/\/elinformante.mx\/index.php?rest_route=%2Fwp%2Fv2%2Ftags&post=60865"}],"curies":[{"name":"wp","href":"https:\/\/api.w.org\/{rel}","templated":true}]}}