{"id":60872,"date":"2024-08-07T05:59:35","date_gmt":"2024-08-07T11:59:35","guid":{"rendered":"https:\/\/elinformante.mx\/?p=60872"},"modified":"2024-08-07T05:59:36","modified_gmt":"2024-08-07T11:59:36","slug":"detienen-a-sujeto-acusado-de-agredir-sexualmente-a-una-menor-de-edad","status":"publish","type":"post","link":"https:\/\/elinformante.mx\/?p=60872","title":{"rendered":"Detienen a sujeto acusado de agredir sexualmente a una menor de edad"},"content":{"rendered":"\n<blockquote class=\"wp-block-quote is-layout-flow wp-block-quote-is-layout-flow\">\n<p>El individuo fue trasladado ante la autoridad competente, a fin de determinar su situaci\u00f3n jur\u00eddica.<\/p>\n<\/blockquote>\n\n\n\n<p>Elementos de la SSEM atendi\u00f3 a una llamada de auxilio, donde detuvieron a un hombre acusado de ser responsable de agresi\u00f3n sexual, en agravio de una menor de edad.<br><\/p>\n\n\n\n<p>Los hechos ocurrieron en la calle Serpentina esquina con avenida Gema, en la colonia Ampliaci\u00f3n Esmeralda, al llegar al lugar los polic\u00edas fueron informados de los hechos ocurridos al interior por un sujeto que responde a Herminio \u201cN\u201d de 42 a\u00f1os<br><\/p>\n\n\n\n<p>El individuo fue se\u00f1alado de haber atacado sexualmente a una menor, lo detuvieron las autoridades y trasladado junto a la v\u00edctima y presentado al Ministerio P\u00fablico, para realizar las indagatorias correspondientes.<\/p>\n","protected":false},"excerpt":{"rendered":"<p>El individuo fue trasladado ante la autoridad competente, a fin de determinar su situaci\u00f3n jur\u00eddica. Elementos de la SSEM atendi\u00f3 a una llamada de auxilio, donde detuvieron a un hombre acusado de ser responsable de agresi\u00f3n sexual, en agravio de una menor de edad. Los hechos ocurrieron en la calle Serpentina esquina con avenida Gema, [&hellip;]<\/p>\n","protected":false},"author":1,"featured_media":60873,"comment_status":"closed","ping_status":"closed","sticky":false,"template":"","format":"standard","meta":{"footnotes":""},"categories":[36,37],"tags":[],"class_list":["post-60872","post","type-post","status-publish","format-standard","has-post-thumbnail","hentry","category-edomex","category-justicia"],"_links":{"self":[{"href":"https:\/\/elinformante.mx\/index.php?rest_route=\/wp\/v2\/posts\/60872","targetHints":{"allow":["GET"]}}],"collection":[{"href":"https:\/\/elinformante.mx\/index.php?rest_route=\/wp\/v2\/posts"}],"about":[{"href":"https:\/\/elinformante.mx\/index.php?rest_route=\/wp\/v2\/types\/post"}],"author":[{"embeddable":true,"href":"https:\/\/elinformante.mx\/index.php?rest_route=\/wp\/v2\/users\/1"}],"replies":[{"embeddable":true,"href":"https:\/\/elinformante.mx\/index.php?rest_route=%2Fwp%2Fv2%2Fcomments&post=60872"}],"version-history":[{"count":0,"href":"https:\/\/elinformante.mx\/index.php?rest_route=\/wp\/v2\/posts\/60872\/revisions"}],"wp:featuredmedia":[{"embeddable":true,"href":"https:\/\/elinformante.mx\/index.php?rest_route=\/wp\/v2\/media\/60873"}],"wp:attachment":[{"href":"https:\/\/elinformante.mx\/index.php?rest_route=%2Fwp%2Fv2%2Fmedia&parent=60872"}],"wp:term":[{"taxonomy":"category","embeddable":true,"href":"https:\/\/elinformante.mx\/index.php?rest_route=%2Fwp%2Fv2%2Fcategories&post=60872"},{"taxonomy":"post_tag","embeddable":true,"href":"https:\/\/elinformante.mx\/index.php?rest_route=%2Fwp%2Fv2%2Ftags&post=60872"}],"curies":[{"name":"wp","href":"https:\/\/api.w.org\/{rel}","templated":true}]}}