{"id":60875,"date":"2024-08-07T06:05:43","date_gmt":"2024-08-07T12:05:43","guid":{"rendered":"https:\/\/elinformante.mx\/?p=60875"},"modified":"2024-08-07T06:05:44","modified_gmt":"2024-08-07T12:05:44","slug":"suman-esfuerzos-ssem-y-diputados-federales-para-proteger-a-la-ciudadania","status":"publish","type":"post","link":"https:\/\/elinformante.mx\/?p=60875","title":{"rendered":"Suman esfuerzos SSEM y diputados federales para proteger a la ciudadan\u00eda"},"content":{"rendered":"\n<blockquote class=\"wp-block-quote is-layout-flow wp-block-quote-is-layout-flow\">\n<p>El titular de la SSEM expres\u00f3 que la intenci\u00f3n del encuentro es lograr una suma de esfuerzos para focalizar las estrategias en los temas de seguridad.<\/p>\n<\/blockquote>\n\n\n\n<p>A fin de salvaguardar y cuidar a la ciudadan\u00eda mexiquense, diputados federales y el Secretario de Seguridad del Estado de M\u00e9xico, Crist\u00f3bal Casta\u00f1eda Camarillo, sostuvieron una reuni\u00f3n en la que coincidieron que el di\u00e1logo, y el trabajo coordinado entre el Poder Legislativo y Ejecutivo tiene como prop\u00f3sito sumar esfuerzos para fortalecer las estrategias en la materia.<br><\/p>\n\n\n\n<p>En las instalaciones del Centro de Control, Comando, Comunicaci\u00f3n, C\u00f3mputo y Calidad (C5) del estado, el titular de la Secretar\u00eda de Seguridad del Edom\u00e9x destac\u00f3 que a m\u00e1s de un mes de asumir el cargo, se han tenido resultados positivos que permiten reducir la incidencia delictiva.<br><\/p>\n\n\n\n<figure class=\"wp-block-image size-large\"><img fetchpriority=\"high\" decoding=\"async\" width=\"1024\" height=\"503\" src=\"https:\/\/elinformante.mx\/wp-content\/uploads\/2024\/08\/13suman-3-1024x503.jpg\" alt=\"\" class=\"wp-image-60877\" srcset=\"https:\/\/elinformante.mx\/wp-content\/uploads\/2024\/08\/13suman-3-1024x503.jpg 1024w, https:\/\/elinformante.mx\/wp-content\/uploads\/2024\/08\/13suman-3-300x147.jpg 300w, https:\/\/elinformante.mx\/wp-content\/uploads\/2024\/08\/13suman-3-768x377.jpg 768w, https:\/\/elinformante.mx\/wp-content\/uploads\/2024\/08\/13suman-3-580x285.jpg 580w, https:\/\/elinformante.mx\/wp-content\/uploads\/2024\/08\/13suman-3-860x422.jpg 860w, https:\/\/elinformante.mx\/wp-content\/uploads\/2024\/08\/13suman-3.jpg 1140w\" sizes=\"(max-width: 1024px) 100vw, 1024px\" \/><\/figure>\n\n\n\n<p>Resalt\u00f3 la oportuna intervenci\u00f3n hecha por la secretar\u00eda en la detenci\u00f3n de dos c\u00e9lulas de un C\u00e1rtel con or\u00edgenes en el estado de Jalisco; as\u00ed como el desmantelamiento de varias bandas de robo de veh\u00edculos de carga, sum\u00e1ndose el aseguramiento de una bodega donde se encontraron cinco tractocamiones que conten\u00edan mercanc\u00eda diversa con valor arriba de cinco millones de pesos.<br><\/p>\n\n\n\n<p>El Subsecretario General de Gobierno, Alejandro Viedma Vel\u00e1zquez, destac\u00f3 la importancia de generar acuerdos entre la federaci\u00f3n y el Estado de M\u00e9xico, mismos que sumen al proyecto de seguridad y den los resultados \u00f3ptimos que demanda la poblaci\u00f3n mexiquense.<br><\/p>\n\n\n\n<figure class=\"wp-block-image size-large\"><img decoding=\"async\" width=\"1024\" height=\"503\" src=\"https:\/\/elinformante.mx\/wp-content\/uploads\/2024\/08\/13suman-1024x503.jpg\" alt=\"\" class=\"wp-image-60878\" srcset=\"https:\/\/elinformante.mx\/wp-content\/uploads\/2024\/08\/13suman-1024x503.jpg 1024w, https:\/\/elinformante.mx\/wp-content\/uploads\/2024\/08\/13suman-300x147.jpg 300w, https:\/\/elinformante.mx\/wp-content\/uploads\/2024\/08\/13suman-768x377.jpg 768w, https:\/\/elinformante.mx\/wp-content\/uploads\/2024\/08\/13suman-580x285.jpg 580w, https:\/\/elinformante.mx\/wp-content\/uploads\/2024\/08\/13suman-860x422.jpg 860w, https:\/\/elinformante.mx\/wp-content\/uploads\/2024\/08\/13suman.jpg 1140w\" sizes=\"(max-width: 1024px) 100vw, 1024px\" \/><\/figure>\n\n\n\n<p>En representaci\u00f3n de los diputados federales, C\u00e9sar Agust\u00edn Hern\u00e1ndez P\u00e9rez, reiter\u00f3 que desde el \u00e1mbito de su competencia las y los legisladores impulsar\u00e1n, promover\u00e1n y buscar\u00e1n mejoras en seguridad p\u00fablica de la entidad para as\u00ed lograr erradicar los \u00edndices delictivos.<br><\/p>\n\n\n\n<p>Agradeci\u00f3 la oportunidad de realizar este tipo de reuniones que les permite conocer las condiciones en las que se encuentran las instituciones, y con ello desde la C\u00e1mara de Diputados a nivel federal, hacer las gestiones necesarias para fortalecer la seguridad en territorio mexiquense.<\/p>\n","protected":false},"excerpt":{"rendered":"<p>El titular de la SSEM expres\u00f3 que la intenci\u00f3n del encuentro es lograr una suma de esfuerzos para focalizar las estrategias en los temas de seguridad. A fin de salvaguardar y cuidar a la ciudadan\u00eda mexiquense, diputados federales y el Secretario de Seguridad del Estado de M\u00e9xico, Crist\u00f3bal Casta\u00f1eda Camarillo, sostuvieron una reuni\u00f3n en la [&hellip;]<\/p>\n","protected":false},"author":1,"featured_media":60876,"comment_status":"closed","ping_status":"closed","sticky":false,"template":"","format":"standard","meta":{"footnotes":""},"categories":[30,36,37],"tags":[],"class_list":["post-60875","post","type-post","status-publish","format-standard","has-post-thumbnail","hentry","category-destacado","category-edomex","category-justicia"],"_links":{"self":[{"href":"https:\/\/elinformante.mx\/index.php?rest_route=\/wp\/v2\/posts\/60875","targetHints":{"allow":["GET"]}}],"collection":[{"href":"https:\/\/elinformante.mx\/index.php?rest_route=\/wp\/v2\/posts"}],"about":[{"href":"https:\/\/elinformante.mx\/index.php?rest_route=\/wp\/v2\/types\/post"}],"author":[{"embeddable":true,"href":"https:\/\/elinformante.mx\/index.php?rest_route=\/wp\/v2\/users\/1"}],"replies":[{"embeddable":true,"href":"https:\/\/elinformante.mx\/index.php?rest_route=%2Fwp%2Fv2%2Fcomments&post=60875"}],"version-history":[{"count":0,"href":"https:\/\/elinformante.mx\/index.php?rest_route=\/wp\/v2\/posts\/60875\/revisions"}],"wp:featuredmedia":[{"embeddable":true,"href":"https:\/\/elinformante.mx\/index.php?rest_route=\/wp\/v2\/media\/60876"}],"wp:attachment":[{"href":"https:\/\/elinformante.mx\/index.php?rest_route=%2Fwp%2Fv2%2Fmedia&parent=60875"}],"wp:term":[{"taxonomy":"category","embeddable":true,"href":"https:\/\/elinformante.mx\/index.php?rest_route=%2Fwp%2Fv2%2Fcategories&post=60875"},{"taxonomy":"post_tag","embeddable":true,"href":"https:\/\/elinformante.mx\/index.php?rest_route=%2Fwp%2Fv2%2Ftags&post=60875"}],"curies":[{"name":"wp","href":"https:\/\/api.w.org\/{rel}","templated":true}]}}