{"id":61458,"date":"2024-08-14T06:19:57","date_gmt":"2024-08-14T12:19:57","guid":{"rendered":"https:\/\/elinformante.mx\/?p=61458"},"modified":"2024-08-14T06:19:59","modified_gmt":"2024-08-14T12:19:59","slug":"detienen-a-sujeto-acusado-de-homicidio","status":"publish","type":"post","link":"https:\/\/elinformante.mx\/?p=61458","title":{"rendered":"Detienen a sujeto acusado de homicidio"},"content":{"rendered":"\n<blockquote class=\"wp-block-quote is-layout-flow wp-block-quote-is-layout-flow\">\n<p>El suceso ocurri\u00f3 en un terreno ubicado en La Loma, en donde un hombre perdi\u00f3 la vida.<\/p>\n<\/blockquote>\n\n\n\n<p>Elementos de la Secretar\u00eda de Seguridad del Estado de M\u00e9xico (SSEM) detuvieron a un hombre probable responsable de homicidio. Los hechos ocurrieron cuando efectivos estatales acudieron a un hospital luego de recibir un reporte; un individuo les inform\u00f3 que mientras se encontraban en un predio sobre la carretera La Marquesa-Tenango a la altura de La Loma, su amigo fue agredido con un disparo de arma de fuego, ocasionado por un sujeto que viajaba a bordo de una motocicleta, el cual iba acompa\u00f1ado de dos personas m\u00e1s.<br><\/p>\n\n\n\n<p>Tras estos hechos decidi\u00f3 trasladarlo a la unidad m\u00e9dica en una camioneta marca Ford, modelo F-350 color blanco; sin embargo, al arribar al lugar perdi\u00f3 la vida.<br><\/p>\n\n\n\n<p>Los oficiales se percataron que el individuo, a la altura de su cintura, portaba una pistola hechiza calibre 22 mil\u00edmetros, de tal manera que detuvieron a Erick \u201cN\u201d de 20 a\u00f1os edad, quien fue notificado sobre los derechos que la ley le confiere.<br><\/p>\n\n\n\n<p>En el terreno donde se suscit\u00f3 la agresi\u00f3n, el personal de Protecci\u00f3n Civil del municipio de Capulhuac inform\u00f3 del hallazgo de otro hombre sin vida, donde el padre de este se\u00f1al\u00f3 que su hijo sostuvo una discusi\u00f3n con dos personas que iban en una motocicleta y quienes le dispararon.<br><\/p>\n\n\n\n<p>En su denuncia, refiri\u00f3 que uno de los aparentes involucrados huy\u00f3 del lugar en una camioneta y se llev\u00f3 a una persona lesionada, declaraci\u00f3n que coincide con la actividad que efectu\u00f3 Erick \u201cN\u201d.<br><\/p>\n\n\n\n<p>Las investigaciones continuar\u00e1n para esclarecer los hechos, por su parte, el detenido fue trasladado y presentado ante el Agente del Ministerio P\u00fablico correspondiente para definir su situaci\u00f3n jur\u00eddica.<\/p>\n","protected":false},"excerpt":{"rendered":"<p>El suceso ocurri\u00f3 en un terreno ubicado en La Loma, en donde un hombre perdi\u00f3 la vida. Elementos de la Secretar\u00eda de Seguridad del Estado de M\u00e9xico (SSEM) detuvieron a un hombre probable responsable de homicidio. Los hechos ocurrieron cuando efectivos estatales acudieron a un hospital luego de recibir un reporte; un individuo les inform\u00f3 [&hellip;]<\/p>\n","protected":false},"author":1,"featured_media":61459,"comment_status":"closed","ping_status":"closed","sticky":false,"template":"","format":"standard","meta":{"footnotes":""},"categories":[36,37],"tags":[],"class_list":["post-61458","post","type-post","status-publish","format-standard","has-post-thumbnail","hentry","category-edomex","category-justicia"],"_links":{"self":[{"href":"https:\/\/elinformante.mx\/index.php?rest_route=\/wp\/v2\/posts\/61458","targetHints":{"allow":["GET"]}}],"collection":[{"href":"https:\/\/elinformante.mx\/index.php?rest_route=\/wp\/v2\/posts"}],"about":[{"href":"https:\/\/elinformante.mx\/index.php?rest_route=\/wp\/v2\/types\/post"}],"author":[{"embeddable":true,"href":"https:\/\/elinformante.mx\/index.php?rest_route=\/wp\/v2\/users\/1"}],"replies":[{"embeddable":true,"href":"https:\/\/elinformante.mx\/index.php?rest_route=%2Fwp%2Fv2%2Fcomments&post=61458"}],"version-history":[{"count":0,"href":"https:\/\/elinformante.mx\/index.php?rest_route=\/wp\/v2\/posts\/61458\/revisions"}],"wp:featuredmedia":[{"embeddable":true,"href":"https:\/\/elinformante.mx\/index.php?rest_route=\/wp\/v2\/media\/61459"}],"wp:attachment":[{"href":"https:\/\/elinformante.mx\/index.php?rest_route=%2Fwp%2Fv2%2Fmedia&parent=61458"}],"wp:term":[{"taxonomy":"category","embeddable":true,"href":"https:\/\/elinformante.mx\/index.php?rest_route=%2Fwp%2Fv2%2Fcategories&post=61458"},{"taxonomy":"post_tag","embeddable":true,"href":"https:\/\/elinformante.mx\/index.php?rest_route=%2Fwp%2Fv2%2Ftags&post=61458"}],"curies":[{"name":"wp","href":"https:\/\/api.w.org\/{rel}","templated":true}]}}