{"id":61467,"date":"2024-08-14T06:28:09","date_gmt":"2024-08-14T12:28:09","guid":{"rendered":"https:\/\/elinformante.mx\/?p=61467"},"modified":"2024-08-14T06:28:10","modified_gmt":"2024-08-14T12:28:10","slug":"se-conmemora-el-cx-aniversario-de-la-firma-de-los-tratados-de-teoloyucan","status":"publish","type":"post","link":"https:\/\/elinformante.mx\/?p=61467","title":{"rendered":"Se conmemora el CX Aniversario de la Firma de los Tratados de Teoloyucan"},"content":{"rendered":"\n<blockquote class=\"wp-block-quote is-layout-flow wp-block-quote-is-layout-flow\">\n<p>La ceremonia fue encabezada por la Oficial Mayor, Trinidad Franco Arpero, en representaci\u00f3n de la Gobernadora Delfina G\u00f3mez \u00c1lvarez, y el Comandante de la 22\u00aa Zona Militar, Jos\u00e9 Mart\u00edn Luna de la Luz.<\/p>\n<\/blockquote>\n\n\n\n<p>La Oficial Mayor, Trinidad Franco Arpero, en representaci\u00f3n de la Gobernadora del Estado de M\u00e9xico, Delfina G\u00f3mez \u00c1lvarez, acompa\u00f1ada por el Comandante de la 22\u00aa Zona Militar, Jos\u00e9 Mart\u00edn Luna de la Luz, encabez\u00f3 la Ceremonia Conmemorativa por el CX Aniversario de la Firma de los Tratados de Teoloyucan.<br><\/p>\n\n\n\n<p>La Oficial Mayor destac\u00f3 que M\u00e9xico es un pa\u00eds en constante construcci\u00f3n, que se rige por los ideales de igualdad, libertad y justicia, que siguen presentes en el Gobierno Federal y Estatal.<br><\/p>\n\n\n\n<p>Destac\u00f3 que hist\u00f3ricamente el pa\u00eds ha pasado por cuatro transformaciones: la primera en 1810 con la Independencia, la segunda en 1858 con la Reforma y la Revoluci\u00f3n en 1910, para dar paso a la cuarta transformaci\u00f3n que vive el pa\u00eds desde el 2018 encabezada por el Presidente Andr\u00e9s Manuel L\u00f3pez Obrador y en 2023 con la Gobernadora Delfina G\u00f3mez \u00c1lvarez.<br><\/p>\n\n\n\n<figure class=\"wp-block-image size-large\"><img fetchpriority=\"high\" decoding=\"async\" width=\"1024\" height=\"503\" src=\"https:\/\/elinformante.mx\/wp-content\/uploads\/2024\/08\/12se-conmemora-1024x503.jpg\" alt=\"\" class=\"wp-image-61469\" srcset=\"https:\/\/elinformante.mx\/wp-content\/uploads\/2024\/08\/12se-conmemora-1024x503.jpg 1024w, https:\/\/elinformante.mx\/wp-content\/uploads\/2024\/08\/12se-conmemora-300x147.jpg 300w, https:\/\/elinformante.mx\/wp-content\/uploads\/2024\/08\/12se-conmemora-768x377.jpg 768w, https:\/\/elinformante.mx\/wp-content\/uploads\/2024\/08\/12se-conmemora-580x285.jpg 580w, https:\/\/elinformante.mx\/wp-content\/uploads\/2024\/08\/12se-conmemora-860x422.jpg 860w, https:\/\/elinformante.mx\/wp-content\/uploads\/2024\/08\/12se-conmemora.jpg 1140w\" sizes=\"(max-width: 1024px) 100vw, 1024px\" \/><\/figure>\n\n\n\n<p>\u201cComo mexiquense me siento orgullosa de que en nuestra entidad el liderazgo que gu\u00eda la nueva forma de hacer pol\u00edtica reside en una mujer que entiende que la justicia social que motiv\u00f3 la lucha revolucionaria a\u00fan est\u00e1 en deuda con todos los mexiquenses.<br><\/p>\n\n\n\n<p>\u201cSomos millones de personas los que buscamos transformar al pa\u00eds y al Estado de M\u00e9xico, que el evento que hoy nos convoca sea un recordatorio de unidad y futuro com\u00fan que buscamos con bienestar y justicia, para todo nuestro pueblo; desde el Gobierno Estatal no nos detendremos ante este esfuerzo\u201d, enfatiz\u00f3 Trinidad Franco Arpeo.<br><\/p>\n\n\n\n<p>En tanto, Jos\u00e9 Mart\u00edn Luna de la Luz, Comandante de la 22\u00aa Zona Militar agreg\u00f3 que esta fecha es un antecedente de la paz y la legalidad, para privilegiar el bienestar de la naci\u00f3n.<br><\/p>\n\n\n\n<p>\u201cLos Tratados de Teoloyucan son quiz\u00e1 los m\u00e1s simb\u00f3licos de la lucha armada de la Revoluci\u00f3n Mexicana, reflejan el anhelo de los mexicanos de una convivencia social pac\u00edfica y una visi\u00f3n de progreso, con el nacimiento de un ej\u00e9rcito constitucionalista y su evoluci\u00f3n al Ej\u00e9rcito Nacional, un ej\u00e9rcito comprometido con la poblaci\u00f3n civil que es la que nos inspira y es nuestra raz\u00f3n de ser\u201d, agreg\u00f3 el Comandante Luna de la Luz.<\/p>\n","protected":false},"excerpt":{"rendered":"<p>La ceremonia fue encabezada por la Oficial Mayor, Trinidad Franco Arpero, en representaci\u00f3n de la Gobernadora Delfina G\u00f3mez \u00c1lvarez, y el Comandante de la 22\u00aa Zona Militar, Jos\u00e9 Mart\u00edn Luna de la Luz. La Oficial Mayor, Trinidad Franco Arpero, en representaci\u00f3n de la Gobernadora del Estado de M\u00e9xico, Delfina G\u00f3mez \u00c1lvarez, acompa\u00f1ada por el Comandante [&hellip;]<\/p>\n","protected":false},"author":1,"featured_media":61468,"comment_status":"closed","ping_status":"closed","sticky":false,"template":"","format":"standard","meta":{"footnotes":""},"categories":[30,36],"tags":[],"class_list":["post-61467","post","type-post","status-publish","format-standard","has-post-thumbnail","hentry","category-destacado","category-edomex"],"_links":{"self":[{"href":"https:\/\/elinformante.mx\/index.php?rest_route=\/wp\/v2\/posts\/61467","targetHints":{"allow":["GET"]}}],"collection":[{"href":"https:\/\/elinformante.mx\/index.php?rest_route=\/wp\/v2\/posts"}],"about":[{"href":"https:\/\/elinformante.mx\/index.php?rest_route=\/wp\/v2\/types\/post"}],"author":[{"embeddable":true,"href":"https:\/\/elinformante.mx\/index.php?rest_route=\/wp\/v2\/users\/1"}],"replies":[{"embeddable":true,"href":"https:\/\/elinformante.mx\/index.php?rest_route=%2Fwp%2Fv2%2Fcomments&post=61467"}],"version-history":[{"count":0,"href":"https:\/\/elinformante.mx\/index.php?rest_route=\/wp\/v2\/posts\/61467\/revisions"}],"wp:featuredmedia":[{"embeddable":true,"href":"https:\/\/elinformante.mx\/index.php?rest_route=\/wp\/v2\/media\/61468"}],"wp:attachment":[{"href":"https:\/\/elinformante.mx\/index.php?rest_route=%2Fwp%2Fv2%2Fmedia&parent=61467"}],"wp:term":[{"taxonomy":"category","embeddable":true,"href":"https:\/\/elinformante.mx\/index.php?rest_route=%2Fwp%2Fv2%2Fcategories&post=61467"},{"taxonomy":"post_tag","embeddable":true,"href":"https:\/\/elinformante.mx\/index.php?rest_route=%2Fwp%2Fv2%2Ftags&post=61467"}],"curies":[{"name":"wp","href":"https:\/\/api.w.org\/{rel}","templated":true}]}}