{"id":62184,"date":"2024-08-22T06:35:11","date_gmt":"2024-08-22T12:35:11","guid":{"rendered":"https:\/\/elinformante.mx\/?p=62184"},"modified":"2024-08-22T06:35:11","modified_gmt":"2024-08-22T12:35:11","slug":"afirma-pjedomex-que-la-historia-y-la-justicia-motivaran-a-la-reflexion","status":"publish","type":"post","link":"https:\/\/elinformante.mx\/?p=62184","title":{"rendered":"Afirma PJEdom\u00e9x que la historia y la justicia motivar\u00e1n a la reflexi\u00f3n"},"content":{"rendered":"\n<blockquote class=\"wp-block-quote is-layout-flow wp-block-quote-is-layout-flow\">\n<p>Sodi Cuellar enfatiz\u00f3 la importancia de estos ejercicios para comprender el devenir de M\u00e9xico.<\/p>\n<\/blockquote>\n\n\n\n<p>La historia, con su naturaleza c\u00edclica, no solo es una herramienta invaluable para comprender el pasado, sino tambi\u00e9n para anticipar el futuro. En el \u00e1mbito jur\u00eddico, esta capacidad es esencial, ya que permite a los expertos prever el devenir de las instituciones en nuestro pa\u00eds, expres\u00f3 el titular del Poder Judicial del Estado de M\u00e9xico, Ricardo Sodi Cuellar.<br><\/p>\n\n\n\n<p>Al inaugurar el \u201cCongreso Latino Americano Historia del Derecho: 1824, los bicentenarios y la impartici\u00f3n de justicia en M\u00e9xico y Am\u00e9rica Latina\u201d, Sodi Cuellar invit\u00f3 a los asistentes a estudiar las memorias del Congreso Constituyente de 1857, el debate entre Francisco Zarco y Ponciano Arriaga sobre dilemas que, curiosamente, siguen vigentes.<br><\/p>\n\n\n\n<p>\u201cEstos congresos son fundamentales porque la historia, cansada de inventar, siempre se repite\u201d, afirm\u00f3 el Magistrado Presidente, destacando la importancia de un an\u00e1lisis hist\u00f3rico profundo que se realizar\u00e1 durante tres d\u00edas en el Aula Magna \u201cMgdo. Lic. Gustavo A. Barrera Graf\u201d de la Escuela Judicial.<br><\/p>\n\n\n\n<figure class=\"wp-block-image size-large\"><img fetchpriority=\"high\" decoding=\"async\" width=\"1024\" height=\"503\" src=\"https:\/\/elinformante.mx\/wp-content\/uploads\/2024\/08\/12pjedomex-5-1024x503.jpg\" alt=\"\" class=\"wp-image-62186\" srcset=\"https:\/\/elinformante.mx\/wp-content\/uploads\/2024\/08\/12pjedomex-5-1024x503.jpg 1024w, https:\/\/elinformante.mx\/wp-content\/uploads\/2024\/08\/12pjedomex-5-300x147.jpg 300w, https:\/\/elinformante.mx\/wp-content\/uploads\/2024\/08\/12pjedomex-5-768x377.jpg 768w, https:\/\/elinformante.mx\/wp-content\/uploads\/2024\/08\/12pjedomex-5-580x285.jpg 580w, https:\/\/elinformante.mx\/wp-content\/uploads\/2024\/08\/12pjedomex-5-860x422.jpg 860w, https:\/\/elinformante.mx\/wp-content\/uploads\/2024\/08\/12pjedomex-5.jpg 1140w\" sizes=\"(max-width: 1024px) 100vw, 1024px\" \/><\/figure>\n\n\n\n<p>En la inauguraci\u00f3n, se rindi\u00f3 homenaje a Jos\u00e9 Barrag\u00e1n Barrag\u00e1n, reconoci\u00e9ndolo como una figura emblem\u00e1tica en el estudio del derecho y la historia constitucional. Su legado, marcado por una vida dedicada al conocimiento y la ense\u00f1anza, ha dejado una huella profunda en el \u00e1mbito acad\u00e9mico y judicial. Reconociendo su contribuci\u00f3n a la formaci\u00f3n de generaciones de juristas y consolidando su posici\u00f3n como uno de los pilares fundamentales en la comprensi\u00f3n de nuestra historia legal compartida.<br><\/p>\n\n\n\n<p>Juan Carlos Abreu Abreu, Director del Centro de Investigaciones Judiciales de la EJEM, destac\u00f3 la relevancia de reflexionar sobre c\u00f3mo los movimientos de independencia en Am\u00e9rica Latina, hace 200 a\u00f1os, dieron origen a un pensamiento jur\u00eddico propio que a\u00fan sigue vigente y contin\u00faa moldeando nuestros sistemas de impartici\u00f3n de justicia.<br><\/p>\n\n\n\n<p>Mario Cajas Sarria, Director de la Escuela de Derecho, Gobierno y Globalizaci\u00f3n de la Universidad Icesi de Colombia, explic\u00f3 la evoluci\u00f3n hist\u00f3rica de la justicia constitucional en su pa\u00eds, desde 1910 hasta las reformas m\u00e1s recientes. Subray\u00f3 la decisi\u00f3n in\u00e9dita de la Corte Constitucional en 2023, que por primera vez suspendi\u00f3 una ley en medio de un contexto de polarizaci\u00f3n pol\u00edtica, marcando un hito en la defensa de la Constituci\u00f3n.<br><\/p>\n\n\n\n<p>Asimismo, se llev\u00f3 a cabo la Conferencia Magistral \u201c1824 y el futuro de la democracia constitucional\u201d, presentada por el Dr. Javier Espinoza de los Monteros S\u00e1nchez, Coordinador del Instituto de Investigaciones Jur\u00eddicas de la Facultad de Derecho de la Universidad An\u00e1huac M\u00e9xico y moderada por Mar\u00eda Fernanda Ch\u00e1vez Vilchis.<\/p>\n","protected":false},"excerpt":{"rendered":"<p>Sodi Cuellar enfatiz\u00f3 la importancia de estos ejercicios para comprender el devenir de M\u00e9xico. La historia, con su naturaleza c\u00edclica, no solo es una herramienta invaluable para comprender el pasado, sino tambi\u00e9n para anticipar el futuro. En el \u00e1mbito jur\u00eddico, esta capacidad es esencial, ya que permite a los expertos prever el devenir de las [&hellip;]<\/p>\n","protected":false},"author":1,"featured_media":62185,"comment_status":"closed","ping_status":"closed","sticky":false,"template":"","format":"standard","meta":{"footnotes":""},"categories":[36],"tags":[],"class_list":["post-62184","post","type-post","status-publish","format-standard","has-post-thumbnail","hentry","category-edomex"],"_links":{"self":[{"href":"https:\/\/elinformante.mx\/index.php?rest_route=\/wp\/v2\/posts\/62184","targetHints":{"allow":["GET"]}}],"collection":[{"href":"https:\/\/elinformante.mx\/index.php?rest_route=\/wp\/v2\/posts"}],"about":[{"href":"https:\/\/elinformante.mx\/index.php?rest_route=\/wp\/v2\/types\/post"}],"author":[{"embeddable":true,"href":"https:\/\/elinformante.mx\/index.php?rest_route=\/wp\/v2\/users\/1"}],"replies":[{"embeddable":true,"href":"https:\/\/elinformante.mx\/index.php?rest_route=%2Fwp%2Fv2%2Fcomments&post=62184"}],"version-history":[{"count":0,"href":"https:\/\/elinformante.mx\/index.php?rest_route=\/wp\/v2\/posts\/62184\/revisions"}],"wp:featuredmedia":[{"embeddable":true,"href":"https:\/\/elinformante.mx\/index.php?rest_route=\/wp\/v2\/media\/62185"}],"wp:attachment":[{"href":"https:\/\/elinformante.mx\/index.php?rest_route=%2Fwp%2Fv2%2Fmedia&parent=62184"}],"wp:term":[{"taxonomy":"category","embeddable":true,"href":"https:\/\/elinformante.mx\/index.php?rest_route=%2Fwp%2Fv2%2Fcategories&post=62184"},{"taxonomy":"post_tag","embeddable":true,"href":"https:\/\/elinformante.mx\/index.php?rest_route=%2Fwp%2Fv2%2Ftags&post=62184"}],"curies":[{"name":"wp","href":"https:\/\/api.w.org\/{rel}","templated":true}]}}