{"id":62200,"date":"2024-08-22T06:46:18","date_gmt":"2024-08-22T12:46:18","guid":{"rendered":"https:\/\/elinformante.mx\/?p=62200"},"modified":"2024-08-22T06:46:19","modified_gmt":"2024-08-22T12:46:19","slug":"atiende-la-uaemex-los-desafios-globales-a-traves-de-la-inclusion-social","status":"publish","type":"post","link":"https:\/\/elinformante.mx\/?p=62200","title":{"rendered":"Atiende la UAEM\u00e9x los desaf\u00edos globales a trav\u00e9s de la inclusi\u00f3n social"},"content":{"rendered":"\n<blockquote class=\"wp-block-quote is-layout-flow wp-block-quote-is-layout-flow\">\n<p>La UAEM\u00e9x inaugur\u00f3 la Segunda Jornada Colegiada 2024 de la C\u00e1tedra UNESCO de Vulnerabilidad e Inclusi\u00f3n Social.<\/p>\n<\/blockquote>\n\n\n\n<p>Con la encomienda de garantizar la creaci\u00f3n de espacios de inclusi\u00f3n social donde se tenga empat\u00eda y respeto hacia las diversidades y riquezas culturales para atender los desaf\u00edos globales actuales, la Universidad Aut\u00f3noma del Estado de M\u00e9xico (UAEM\u00e9x) inaugur\u00f3 la Segunda Jornada Colegiada 2024 de la C\u00e1tedra UNESCO de Vulnerabilidad e Inclusi\u00f3n Social, en la Sala \u201cIgnacio Manuel Altamirano\u201d del Edificio de Rector\u00eda.<br><\/p>\n\n\n\n<p>Acompa\u00f1ada de la profesora e investigadora de la Facultad de Ciencias de la Conducta y responsable de la C\u00e1tedra UNESCO, Leonor Guadalupe Delgadillo Guzm\u00e1n, y de la directora del mismo espacio universitario, Gabriela Hern\u00e1ndez Vergara, la secretaria de Investigaci\u00f3n y Estudios Avanzados, Martha Patricia Zarza Delgado, coment\u00f3 que esta c\u00e1tedra es resultado de un trabajo colaborativo entre disciplinas e instituciones que atienden la pertinencia y necesidades sociales.<br><\/p>\n\n\n\n<p>Zarza Delgado subray\u00f3 que en atenci\u00f3n al cumplimiento de los lineamientos establecidos por la Organizaci\u00f3n de las Naciones Unidas para la Educaci\u00f3n, la Ciencia y la Cultura (UNESCO), las instituciones de educaci\u00f3n superior tienen la responsabilidad de contribuir a las condiciones de mejora que fortalezcan las pol\u00edticas p\u00fablicas en cada sociedad para garantizar el cumplimiento de los derechos humanos de todas y todos.<br><\/p>\n\n\n\n<p>En este sentido, coment\u00f3 que desde la creaci\u00f3n de la C\u00e1tedra UNESCO en 2022, la UAEM\u00e9x e instituciones colaboradoras a niveles nacional e internacional han desarrollado grandes avances como la publicaci\u00f3n de libros y art\u00edculos, la creaci\u00f3n de la Especialidad en Victimolog\u00eda y Derechos Humanos impartida en la Facultad de Ciencias de la Conducta de la UAEM\u00e9x, actividades de aprendizaje en l\u00ednea con el uso del Massive Open Online Courses (MOOC), as\u00ed como otras actividades en desarrollo, lo cual significa una importante contribuci\u00f3n al conocimiento y bienestar social.<br><\/p>\n\n\n\n<p>Delgadillo Guzm\u00e1n detall\u00f3 que la C\u00e1tedra UNESCO, que desarrolla la UAEM\u00e9x con instituciones de nivel superior, es una de las 600 que existen alrededor del mundo, lo cual representa un gran orgullo para toda su comunidad acad\u00e9mica y universitaria que contribuye activamente en las iniciativas establecidas por esta organizaci\u00f3n a favor del respeto de las diversidades culturales, sociales y ambientales.<br><\/p>\n\n\n\n<p>Resalt\u00f3 que como personas beneficiarias y formadoras de conocimiento, las y los miembros de la c\u00e1tedra generar\u00e1n propuestas que permitir\u00e1n la reflexi\u00f3n conjunta sobre las problem\u00e1ticas globales actuales, tales como el cuidado y acceso al agua, la eliminaci\u00f3n de disparidades de g\u00e9nero, la migraci\u00f3n, las juventudes, etc\u00e9tera, con el prop\u00f3sito de llegar a soluciones que beneficien a todas y todos.<br><\/p>\n\n\n\n<p>Por su parte, Hern\u00e1ndez Vergara destac\u00f3 que por medio de estas acciones se establecen las bases para la construcci\u00f3n de un futuro m\u00e1s pac\u00edfico, a trav\u00e9s de la colaboraci\u00f3n acad\u00e9mica, fortaleciendo las redes de conocimiento y promoviendo la paz para la formaci\u00f3n de sociedades resilientes.<\/p>\n","protected":false},"excerpt":{"rendered":"<p>La UAEM\u00e9x inaugur\u00f3 la Segunda Jornada Colegiada 2024 de la C\u00e1tedra UNESCO de Vulnerabilidad e Inclusi\u00f3n Social. Con la encomienda de garantizar la creaci\u00f3n de espacios de inclusi\u00f3n social donde se tenga empat\u00eda y respeto hacia las diversidades y riquezas culturales para atender los desaf\u00edos globales actuales, la Universidad Aut\u00f3noma del Estado de M\u00e9xico (UAEM\u00e9x) [&hellip;]<\/p>\n","protected":false},"author":1,"featured_media":62201,"comment_status":"closed","ping_status":"closed","sticky":false,"template":"","format":"standard","meta":{"footnotes":""},"categories":[36],"tags":[],"class_list":["post-62200","post","type-post","status-publish","format-standard","has-post-thumbnail","hentry","category-edomex"],"_links":{"self":[{"href":"https:\/\/elinformante.mx\/index.php?rest_route=\/wp\/v2\/posts\/62200","targetHints":{"allow":["GET"]}}],"collection":[{"href":"https:\/\/elinformante.mx\/index.php?rest_route=\/wp\/v2\/posts"}],"about":[{"href":"https:\/\/elinformante.mx\/index.php?rest_route=\/wp\/v2\/types\/post"}],"author":[{"embeddable":true,"href":"https:\/\/elinformante.mx\/index.php?rest_route=\/wp\/v2\/users\/1"}],"replies":[{"embeddable":true,"href":"https:\/\/elinformante.mx\/index.php?rest_route=%2Fwp%2Fv2%2Fcomments&post=62200"}],"version-history":[{"count":0,"href":"https:\/\/elinformante.mx\/index.php?rest_route=\/wp\/v2\/posts\/62200\/revisions"}],"wp:featuredmedia":[{"embeddable":true,"href":"https:\/\/elinformante.mx\/index.php?rest_route=\/wp\/v2\/media\/62201"}],"wp:attachment":[{"href":"https:\/\/elinformante.mx\/index.php?rest_route=%2Fwp%2Fv2%2Fmedia&parent=62200"}],"wp:term":[{"taxonomy":"category","embeddable":true,"href":"https:\/\/elinformante.mx\/index.php?rest_route=%2Fwp%2Fv2%2Fcategories&post=62200"},{"taxonomy":"post_tag","embeddable":true,"href":"https:\/\/elinformante.mx\/index.php?rest_route=%2Fwp%2Fv2%2Ftags&post=62200"}],"curies":[{"name":"wp","href":"https:\/\/api.w.org\/{rel}","templated":true}]}}