{"id":62207,"date":"2024-08-22T06:51:26","date_gmt":"2024-08-22T12:51:26","guid":{"rendered":"https:\/\/elinformante.mx\/?p=62207"},"modified":"2024-08-22T06:51:27","modified_gmt":"2024-08-22T12:51:27","slug":"otorga-la-asociacion-de-correccionales-de-america-certificacion-al-sistema-penitenciario-de-la-ssem","status":"publish","type":"post","link":"https:\/\/elinformante.mx\/?p=62207","title":{"rendered":"Otorga la Asociaci\u00f3n de Correccionales de Am\u00e9rica certificaci\u00f3n al sistema penitenciario de la SSEM"},"content":{"rendered":"\n<blockquote class=\"wp-block-quote is-layout-flow wp-block-quote-is-layout-flow\">\n<p>Estos distintivos se logran tras cumplir con aspectos entre los que se encuentran la dignificaci\u00f3n y mejora de la vida de las PPL, entre otros.<\/p>\n<\/blockquote>\n\n\n\n<p>En una audiencia celebrada en el marco del 154\u00b0 Congreso de Correccionales de la Asociaci\u00f3n de Correccionales de Am\u00e9rica (ACA, por sus siglas en ingl\u00e9s), la Secretar\u00eda de Seguridad del Estado de M\u00e9xico (SSEM), a trav\u00e9s del Sistema Penitenciario obtuvo la Reacreditaci\u00f3n del penal de Nezahualc\u00f3yotl-Norte, luego de cumplir con diversos est\u00e1ndares.<br><\/p>\n\n\n\n<p>En el evento que se llev\u00f3 a cabo en la Ciudad de Nashville, Tennessee, EE.UU., la Penitenciaria Modelo, tambi\u00e9n logr\u00f3 la extensi\u00f3n de la Certificaci\u00f3n actual por un plazo de seis meses, por la constante mejora en el rubro de cumplimiento respecto a la incorporaci\u00f3n de todo el personal de custodia penitenciaria a la Licencia Oficial Colectiva (LOC), as\u00ed como el uso de radio comunicaci\u00f3n institucional para el desempe\u00f1o de sus funciones dentro del Centro.<br><\/p>\n\n\n\n<p>Es importante mencionar que para obtener el distintivo que otorga la ACA, es necesario velar por la dignificaci\u00f3n y mejora de la vida de las Personas Privadas de la Libertad (PPL), no contar con sobrepoblaci\u00f3n, adem\u00e1s, de ser evaluados par\u00e1metros como: servicios de alimentaci\u00f3n suficiente y salubre; criterios de almacenamiento, preparaci\u00f3n, manejo y sanidad de alimentos con distintivo odontol\u00f3gicos, encamados y de aislamiento.<br><\/p>\n\n\n\n<figure class=\"wp-block-image size-large\"><img fetchpriority=\"high\" decoding=\"async\" width=\"1024\" height=\"503\" src=\"https:\/\/elinformante.mx\/wp-content\/uploads\/2024\/08\/7OTORGAN-2-1024x503.jpg\" alt=\"\" class=\"wp-image-62209\" srcset=\"https:\/\/elinformante.mx\/wp-content\/uploads\/2024\/08\/7OTORGAN-2-1024x503.jpg 1024w, https:\/\/elinformante.mx\/wp-content\/uploads\/2024\/08\/7OTORGAN-2-300x147.jpg 300w, https:\/\/elinformante.mx\/wp-content\/uploads\/2024\/08\/7OTORGAN-2-768x377.jpg 768w, https:\/\/elinformante.mx\/wp-content\/uploads\/2024\/08\/7OTORGAN-2-580x285.jpg 580w, https:\/\/elinformante.mx\/wp-content\/uploads\/2024\/08\/7OTORGAN-2-860x422.jpg 860w, https:\/\/elinformante.mx\/wp-content\/uploads\/2024\/08\/7OTORGAN-2.jpg 1140w\" sizes=\"(max-width: 1024px) 100vw, 1024px\" \/><\/figure>\n\n\n\n<p>Otros aspectos que se toman en consideraci\u00f3n son pasillos, talleres y comedores iluminados, ventilados, limpios; acceso a trabajo, educaci\u00f3n y atenci\u00f3n m\u00e9dica; instalaciones salubres, adecuadas y seguras; personal penitenciario suficiente; controles de armas, herramientas, llaves, utensilios y productos qu\u00edmicos; procesos disciplinarios, sanciones y castigos; as\u00ed como todo aquello que garantice una estancia digna.<br><\/p>\n\n\n\n<p>Finalmente, al encuentro acudieron el titular de la Direcci\u00f3n General de Prevenci\u00f3n y Reinserci\u00f3n Social, Hugo de la Cuadra Mendoza; el titular del CPRS Nezahualc\u00f3yotl Norte, Fidel Robledo L\u00f3pez y la Directora de la Penitenciaria Modelo, Luz del Carmen Navarrete Rodr\u00edguez.<br><\/p>\n\n\n\n<p>Con lo anterior, la SSEM reafirma y contin\u00faa con su compromiso y objetivo que es promover la reinserci\u00f3n social efectiva en las internas e internos de los penales mexiquenses.<\/p>\n","protected":false},"excerpt":{"rendered":"<p>Estos distintivos se logran tras cumplir con aspectos entre los que se encuentran la dignificaci\u00f3n y mejora de la vida de las PPL, entre otros. En una audiencia celebrada en el marco del 154\u00b0 Congreso de Correccionales de la Asociaci\u00f3n de Correccionales de Am\u00e9rica (ACA, por sus siglas en ingl\u00e9s), la Secretar\u00eda de Seguridad del [&hellip;]<\/p>\n","protected":false},"author":1,"featured_media":62208,"comment_status":"closed","ping_status":"closed","sticky":false,"template":"","format":"standard","meta":{"footnotes":""},"categories":[36],"tags":[],"class_list":["post-62207","post","type-post","status-publish","format-standard","has-post-thumbnail","hentry","category-edomex"],"_links":{"self":[{"href":"https:\/\/elinformante.mx\/index.php?rest_route=\/wp\/v2\/posts\/62207","targetHints":{"allow":["GET"]}}],"collection":[{"href":"https:\/\/elinformante.mx\/index.php?rest_route=\/wp\/v2\/posts"}],"about":[{"href":"https:\/\/elinformante.mx\/index.php?rest_route=\/wp\/v2\/types\/post"}],"author":[{"embeddable":true,"href":"https:\/\/elinformante.mx\/index.php?rest_route=\/wp\/v2\/users\/1"}],"replies":[{"embeddable":true,"href":"https:\/\/elinformante.mx\/index.php?rest_route=%2Fwp%2Fv2%2Fcomments&post=62207"}],"version-history":[{"count":0,"href":"https:\/\/elinformante.mx\/index.php?rest_route=\/wp\/v2\/posts\/62207\/revisions"}],"wp:featuredmedia":[{"embeddable":true,"href":"https:\/\/elinformante.mx\/index.php?rest_route=\/wp\/v2\/media\/62208"}],"wp:attachment":[{"href":"https:\/\/elinformante.mx\/index.php?rest_route=%2Fwp%2Fv2%2Fmedia&parent=62207"}],"wp:term":[{"taxonomy":"category","embeddable":true,"href":"https:\/\/elinformante.mx\/index.php?rest_route=%2Fwp%2Fv2%2Fcategories&post=62207"},{"taxonomy":"post_tag","embeddable":true,"href":"https:\/\/elinformante.mx\/index.php?rest_route=%2Fwp%2Fv2%2Ftags&post=62207"}],"curies":[{"name":"wp","href":"https:\/\/api.w.org\/{rel}","templated":true}]}}