{"id":62239,"date":"2024-08-22T07:26:37","date_gmt":"2024-08-22T13:26:37","guid":{"rendered":"https:\/\/elinformante.mx\/?p=62239"},"modified":"2024-08-22T07:26:38","modified_gmt":"2024-08-22T13:26:38","slug":"desaparecen-siete-policias-en-tangamandapio-michoacan","status":"publish","type":"post","link":"https:\/\/elinformante.mx\/?p=62239","title":{"rendered":"Desaparecen siete polic\u00edas en Tangamandapio, Michoac\u00e1n"},"content":{"rendered":"\n<blockquote class=\"wp-block-quote is-layout-flow wp-block-quote-is-layout-flow\">\n<p>Familiares piden la suma de autoridades y habitantes de 11 comunidades para dar con el paradero de sus siete integrantes.<\/p>\n<\/blockquote>\n\n\n\n<p>Familiares de siete polic\u00edas comunitarios, entre ellos una mujer y el director de seguridad, denunciaron su desaparici\u00f3n cuando salieron a realizar un patrullaje rutinario en la comunidad pur\u00e9pecha de La Cantera, en el municipio de Tangamandapio.<br><\/p>\n\n\n\n<p>No se han recibido amenazas previas ni se reportaron incidentes antes de su desaparici\u00f3n. Los locales han establecido un operativo de b\u00fasqueda que incluye patrullajes terrestres y a\u00e9reos, y han emitido alertas de b\u00fasqueda para los siete desaparecidos.<br><\/p>\n\n\n\n<p>La comunidad se ha organizado para apoyar las labores de b\u00fasqueda y ha solicitado la colaboraci\u00f3n de otras comunidades cercanas.<br><\/p>\n\n\n\n<p>Medios locales reportan que tanto la Fiscal\u00eda General del Estado de Michoac\u00e1n (FGE), como el gobernador del estado Alfredo Ram\u00edrez Bedolla, anunciaron investigaciones y trabajos para dar con el paradero de estas siete personas, servidoras p\u00fablicas.<\/p>\n","protected":false},"excerpt":{"rendered":"<p>Familiares piden la suma de autoridades y habitantes de 11 comunidades para dar con el paradero de sus siete integrantes. Familiares de siete polic\u00edas comunitarios, entre ellos una mujer y el director de seguridad, denunciaron su desaparici\u00f3n cuando salieron a realizar un patrullaje rutinario en la comunidad pur\u00e9pecha de La Cantera, en el municipio de [&hellip;]<\/p>\n","protected":false},"author":1,"featured_media":62240,"comment_status":"closed","ping_status":"closed","sticky":false,"template":"","format":"standard","meta":{"footnotes":""},"categories":[34],"tags":[],"class_list":["post-62239","post","type-post","status-publish","format-standard","has-post-thumbnail","hentry","category-nacional"],"_links":{"self":[{"href":"https:\/\/elinformante.mx\/index.php?rest_route=\/wp\/v2\/posts\/62239","targetHints":{"allow":["GET"]}}],"collection":[{"href":"https:\/\/elinformante.mx\/index.php?rest_route=\/wp\/v2\/posts"}],"about":[{"href":"https:\/\/elinformante.mx\/index.php?rest_route=\/wp\/v2\/types\/post"}],"author":[{"embeddable":true,"href":"https:\/\/elinformante.mx\/index.php?rest_route=\/wp\/v2\/users\/1"}],"replies":[{"embeddable":true,"href":"https:\/\/elinformante.mx\/index.php?rest_route=%2Fwp%2Fv2%2Fcomments&post=62239"}],"version-history":[{"count":0,"href":"https:\/\/elinformante.mx\/index.php?rest_route=\/wp\/v2\/posts\/62239\/revisions"}],"wp:featuredmedia":[{"embeddable":true,"href":"https:\/\/elinformante.mx\/index.php?rest_route=\/wp\/v2\/media\/62240"}],"wp:attachment":[{"href":"https:\/\/elinformante.mx\/index.php?rest_route=%2Fwp%2Fv2%2Fmedia&parent=62239"}],"wp:term":[{"taxonomy":"category","embeddable":true,"href":"https:\/\/elinformante.mx\/index.php?rest_route=%2Fwp%2Fv2%2Fcategories&post=62239"},{"taxonomy":"post_tag","embeddable":true,"href":"https:\/\/elinformante.mx\/index.php?rest_route=%2Fwp%2Fv2%2Ftags&post=62239"}],"curies":[{"name":"wp","href":"https:\/\/api.w.org\/{rel}","templated":true}]}}