{"id":62242,"date":"2024-08-22T07:28:05","date_gmt":"2024-08-22T13:28:05","guid":{"rendered":"https:\/\/elinformante.mx\/?p=62242"},"modified":"2024-08-22T07:28:06","modified_gmt":"2024-08-22T13:28:06","slug":"magistrado-del-tribunal-electoral-de-tamaulipas-es-baleado","status":"publish","type":"post","link":"https:\/\/elinformante.mx\/?p=62242","title":{"rendered":"Magistrado del Tribunal Electoral de Tamaulipas es baleado"},"content":{"rendered":"\n<blockquote class=\"wp-block-quote is-layout-flow wp-block-quote-is-layout-flow\">\n<p>Fue agredido por hombres armados en el fraccionamiento Valle Oriente en Ciudad Victoria.<\/p>\n<\/blockquote>\n\n\n\n<p>El magistrado presidente del Tribunal Electoral de Tamaulipas, \u00c9dgar Dan\u00e9s Rojas, fue agredido por hombres armados en el fraccionamiento Valle Oriente en Ciudad Victoria.<br><\/p>\n\n\n\n<p>El funcionario judicial se encontraba en su casa cuando le dispararon. Fue trasladado a un hospital de la capital de Tamaulipas, se inform\u00f3 que presenta dos impactos de bala.<br><\/p>\n\n\n\n<p>El personal de la Fiscal\u00eda General de Justicia (FGJ) y la Secretar\u00eda de Seguridad de Tamaulipas est\u00e1n atendiendo la agresi\u00f3n al magistrado.<br><\/p>\n\n\n\n<p>Dan\u00e9s Rojas tiene 6 a\u00f1os como magistrado del Tribunal electoral. En las \u00faltimas semanas fue acusado de acoso laboral por una mujer que labor\u00f3 en el Trieltam. Adem\u00e1s, fue se\u00f1alado de conflicto de inter\u00e9s por votar en el recurso de impugnaci\u00f3n de la validez de la elecci\u00f3n en Nuevo Laredo aunque se comprob\u00f3 que un hermano, de nombre Eliud, trabaja en el ayuntamiento a cargo de Carmen Lilia Cant\u00farosas Villarreal.<\/p>\n","protected":false},"excerpt":{"rendered":"<p>Fue agredido por hombres armados en el fraccionamiento Valle Oriente en Ciudad Victoria. El magistrado presidente del Tribunal Electoral de Tamaulipas, \u00c9dgar Dan\u00e9s Rojas, fue agredido por hombres armados en el fraccionamiento Valle Oriente en Ciudad Victoria. El funcionario judicial se encontraba en su casa cuando le dispararon. Fue trasladado a un hospital de la [&hellip;]<\/p>\n","protected":false},"author":1,"featured_media":62243,"comment_status":"closed","ping_status":"closed","sticky":false,"template":"","format":"standard","meta":{"footnotes":""},"categories":[34],"tags":[],"class_list":["post-62242","post","type-post","status-publish","format-standard","has-post-thumbnail","hentry","category-nacional"],"_links":{"self":[{"href":"https:\/\/elinformante.mx\/index.php?rest_route=\/wp\/v2\/posts\/62242","targetHints":{"allow":["GET"]}}],"collection":[{"href":"https:\/\/elinformante.mx\/index.php?rest_route=\/wp\/v2\/posts"}],"about":[{"href":"https:\/\/elinformante.mx\/index.php?rest_route=\/wp\/v2\/types\/post"}],"author":[{"embeddable":true,"href":"https:\/\/elinformante.mx\/index.php?rest_route=\/wp\/v2\/users\/1"}],"replies":[{"embeddable":true,"href":"https:\/\/elinformante.mx\/index.php?rest_route=%2Fwp%2Fv2%2Fcomments&post=62242"}],"version-history":[{"count":0,"href":"https:\/\/elinformante.mx\/index.php?rest_route=\/wp\/v2\/posts\/62242\/revisions"}],"wp:featuredmedia":[{"embeddable":true,"href":"https:\/\/elinformante.mx\/index.php?rest_route=\/wp\/v2\/media\/62243"}],"wp:attachment":[{"href":"https:\/\/elinformante.mx\/index.php?rest_route=%2Fwp%2Fv2%2Fmedia&parent=62242"}],"wp:term":[{"taxonomy":"category","embeddable":true,"href":"https:\/\/elinformante.mx\/index.php?rest_route=%2Fwp%2Fv2%2Fcategories&post=62242"},{"taxonomy":"post_tag","embeddable":true,"href":"https:\/\/elinformante.mx\/index.php?rest_route=%2Fwp%2Fv2%2Ftags&post=62242"}],"curies":[{"name":"wp","href":"https:\/\/api.w.org\/{rel}","templated":true}]}}