{"id":62245,"date":"2024-08-22T07:33:53","date_gmt":"2024-08-22T13:33:53","guid":{"rendered":"https:\/\/elinformante.mx\/?p=62245"},"modified":"2024-08-22T07:33:55","modified_gmt":"2024-08-22T13:33:55","slug":"entrega-mara-lezama-el-centro-de-convivencia-familiar-supervisada-cecofam-cancun","status":"publish","type":"post","link":"https:\/\/elinformante.mx\/?p=62245","title":{"rendered":"Entrega Mara Lezama el Centro de Convivencia Familiar Supervisada \u201cCECOFAM Canc\u00fan\u201d"},"content":{"rendered":"\n<blockquote class=\"wp-block-quote is-layout-flow wp-block-quote-is-layout-flow\">\n<p>Se realiz\u00f3 con una inversi\u00f3n de 23.2 MDP del Gobierno del Estado y 13.6 MDP del Poder Judicial, con apoyo adicional de la iniciativa privada<\/p>\n<\/blockquote>\n\n\n\n<p>Representando un significativo avance para la comunidad en t\u00e9rminos de cohesi\u00f3n, bienestar familiar y atenci\u00f3n a la ni\u00f1ez, la gobernadora Mara Lezama Espinosa y el presidente del Poder Judicial, Heyden Cebada Rivas, inauguraron el nuevo Centro de Convivencia Familiar Supervisada (CECOFAM) Canc\u00fan.<br><\/p>\n\n\n\n<p>El nuevo CECOFAM fue construido en lo que fue el emblem\u00e1tico parque del DIF, transformando este espacio donde familias podr\u00e1n volver a vincularse en relaciones cordiales, pac\u00edficas y seguras que impactar\u00e1n positivamente a generaciones futuras.<br><\/p>\n\n\n\n<p>El CECOFAM Canc\u00fan se concreta gracias a una inversi\u00f3n combinada de 23 millones 233 mil pesos del gobierno del estado y 13 millones 600 mil pesos del Poder Judicial. Adem\u00e1s, la iniciativa privada se sum\u00f3 a este esfuerzo con su generosidad, lo que permiti\u00f3 equipar diversas \u00e1reas del centro, optimizando as\u00ed los espacios para las convivencias familiares.<br><\/p>\n\n\n\n<p>Luego de recorrer las instalaciones, la titular del Ejecutivo destac\u00f3 que cuentan con \u00e1reas y espacios especialmente adaptadas a las necesidades de las y los menores, en un ambiente de bienestar, de convivencia, en un entorno de amor y de respeto, que sea un remanso de paz que atraviesan por situaciones dolorosas.<br><\/p>\n\n\n\n<p>Por su parte, el presidente del Tribunal Superior de Justicia, Heyden Cebada Rivas afirm\u00f3: \u201cLa realidad del nuevo CECOFAM Canc\u00fan es completamente distinta a los 156 metros cuadrados con los que operaba el antiguo Centro de Convivencia Familiar Supervisada en los Juzgados Familiares de la colonia Corales. Ahora, el centro cuenta con casi 4 mil 700 metros cuadrados, lo que representa una extensi\u00f3n de 30 veces su superficie anterior\u201d.<br><\/p>\n\n\n\n<p>A\u00f1adi\u00f3 que esta ampliaci\u00f3n permitir\u00e1 mejorar significativamente el otorgamiento de servicios esenciales como convivencias, entrega recepci\u00f3n y evaluaciones psicol\u00f3gicas. En el ejercicio pasado, y en el antiguo Centro de Convivencia Familiar, se realizaron un total de 18 mil 667 servicios, representando casi el 54% del total que se brinda en todo el estado.<br><\/p>\n\n\n\n<p>El nuevo CECOFAM ofrece una variedad de instalaciones que incluyen: una enfermer\u00eda, un anfiteatro, canchas de f\u00fatbol, v\u00f3leibol, b\u00e1squetbol, ping pong, tableros de ajedrez, cafeter\u00eda, \u00e1reas verdes y juegos infantiles, una ludoteca dividida por edades, salas de escucha, c\u00e1maras de gesell, \u00e1rea psicol\u00f3gica, zona de huertos, entre otras comodidades y servicios.<\/p>\n","protected":false},"excerpt":{"rendered":"<p>Se realiz\u00f3 con una inversi\u00f3n de 23.2 MDP del Gobierno del Estado y 13.6 MDP del Poder Judicial, con apoyo adicional de la iniciativa privada Representando un significativo avance para la comunidad en t\u00e9rminos de cohesi\u00f3n, bienestar familiar y atenci\u00f3n a la ni\u00f1ez, la gobernadora Mara Lezama Espinosa y el presidente del Poder Judicial, Heyden [&hellip;]<\/p>\n","protected":false},"author":1,"featured_media":62246,"comment_status":"closed","ping_status":"closed","sticky":false,"template":"","format":"standard","meta":{"footnotes":""},"categories":[30,34],"tags":[],"class_list":["post-62245","post","type-post","status-publish","format-standard","has-post-thumbnail","hentry","category-destacado","category-nacional"],"_links":{"self":[{"href":"https:\/\/elinformante.mx\/index.php?rest_route=\/wp\/v2\/posts\/62245","targetHints":{"allow":["GET"]}}],"collection":[{"href":"https:\/\/elinformante.mx\/index.php?rest_route=\/wp\/v2\/posts"}],"about":[{"href":"https:\/\/elinformante.mx\/index.php?rest_route=\/wp\/v2\/types\/post"}],"author":[{"embeddable":true,"href":"https:\/\/elinformante.mx\/index.php?rest_route=\/wp\/v2\/users\/1"}],"replies":[{"embeddable":true,"href":"https:\/\/elinformante.mx\/index.php?rest_route=%2Fwp%2Fv2%2Fcomments&post=62245"}],"version-history":[{"count":0,"href":"https:\/\/elinformante.mx\/index.php?rest_route=\/wp\/v2\/posts\/62245\/revisions"}],"wp:featuredmedia":[{"embeddable":true,"href":"https:\/\/elinformante.mx\/index.php?rest_route=\/wp\/v2\/media\/62246"}],"wp:attachment":[{"href":"https:\/\/elinformante.mx\/index.php?rest_route=%2Fwp%2Fv2%2Fmedia&parent=62245"}],"wp:term":[{"taxonomy":"category","embeddable":true,"href":"https:\/\/elinformante.mx\/index.php?rest_route=%2Fwp%2Fv2%2Fcategories&post=62245"},{"taxonomy":"post_tag","embeddable":true,"href":"https:\/\/elinformante.mx\/index.php?rest_route=%2Fwp%2Fv2%2Ftags&post=62245"}],"curies":[{"name":"wp","href":"https:\/\/api.w.org\/{rel}","templated":true}]}}