{"id":62248,"date":"2024-08-22T07:36:07","date_gmt":"2024-08-22T13:36:07","guid":{"rendered":"https:\/\/elinformante.mx\/?p=62248"},"modified":"2024-08-22T07:36:08","modified_gmt":"2024-08-22T13:36:08","slug":"amlo-da-a-conocer-los-lineamientos-de-la-transicion","status":"publish","type":"post","link":"https:\/\/elinformante.mx\/?p=62248","title":{"rendered":"AMLO da a conocer los lineamientos de la transici\u00f3n"},"content":{"rendered":"\n<blockquote class=\"wp-block-quote is-layout-flow wp-block-quote-is-layout-flow\">\n<p>Publica AMLO lineamientos de la transici\u00f3n; no asigna recursos p\u00fablicos<\/p>\n<\/blockquote>\n\n\n\n<p>En Segob se establecer\u00e1 la mesa central para entregar el mando a la administraci\u00f3n entrante.<br><\/p>\n\n\n\n<p>El presidente Andr\u00e9s Manuel L\u00f3pez Obrador public\u00f3 en el Diario Oficial de la Federaci\u00f3n los lineamientos para la transici\u00f3n, de tal forma que el equipo de Claudia Sheinbaum conozca y tome posesi\u00f3n de las dependencias del poder Ejecutivo.<br><\/p>\n\n\n\n<p>La coordinaci\u00f3n estar\u00e1 en la Secretar\u00eda de Gobernaci\u00f3n, con Luisa Mar\u00eda Alcalde como m\u00e1xima representante de la administraci\u00f3n saliente y Rosa Icela Rodr\u00edguez del gobierno que asume funciones el 1 de octubre.<br><\/p>\n\n\n\n<p>Cada secretar\u00eda y organismo del gobierno establecer\u00e1 una mesa de coordinaci\u00f3n para entregar el mando a los nuevos y nuevas funcionarias.<br><\/p>\n\n\n\n<figure class=\"wp-block-image size-large\"><img fetchpriority=\"high\" decoding=\"async\" width=\"1024\" height=\"503\" src=\"https:\/\/elinformante.mx\/wp-content\/uploads\/2024\/08\/3amlo-2-6-1024x503.jpg\" alt=\"\" class=\"wp-image-62250\" srcset=\"https:\/\/elinformante.mx\/wp-content\/uploads\/2024\/08\/3amlo-2-6-1024x503.jpg 1024w, https:\/\/elinformante.mx\/wp-content\/uploads\/2024\/08\/3amlo-2-6-300x147.jpg 300w, https:\/\/elinformante.mx\/wp-content\/uploads\/2024\/08\/3amlo-2-6-768x377.jpg 768w, https:\/\/elinformante.mx\/wp-content\/uploads\/2024\/08\/3amlo-2-6-580x285.jpg 580w, https:\/\/elinformante.mx\/wp-content\/uploads\/2024\/08\/3amlo-2-6-860x422.jpg 860w, https:\/\/elinformante.mx\/wp-content\/uploads\/2024\/08\/3amlo-2-6.jpg 1140w\" sizes=\"(max-width: 1024px) 100vw, 1024px\" \/><\/figure>\n\n\n\n<p>De manera preliminar deber\u00e1n entregar informes sobre recursos humanos, financieros, materiales, inform\u00e1ticos, auditor\u00edas, transparencia, proyectos en desarrollo, controversias jurisdiccionales de alto impacto, contratos vigentes, asuntos de urgente atenci\u00f3n y la dem\u00e1s que se estime pertinente.<br><\/p>\n\n\n\n<p>Destaca que AMLO estableci\u00f3 que no se destinar\u00e1n recursos adicionales o especiales para la transici\u00f3n; todo lo que se gaste deber\u00e1 salir de los presupuestos que ya tienen las dependencias:<br><\/p>\n\n\n\n<p>Las erogaciones que, en su caso, se generen con motivo de la ejecuci\u00f3n de las acciones correspondientes y la entrada en vigor del presente Acuerdo deben ser cubiertas con cargo al presupuesto autorizado para los ejecutores de gasto correspondientes en el Presupuesto de Egresos de la Federaci\u00f3n para el ejercicio fiscal 2024, por lo que no se incrementar\u00e1 su presupuesto.<br><\/p>\n\n\n\n<p>En 2018, L\u00f3pez Obrador tuvo a su disposici\u00f3n un fondo de 150 millones para la transici\u00f3n.<\/p>\n","protected":false},"excerpt":{"rendered":"<p>Publica AMLO lineamientos de la transici\u00f3n; no asigna recursos p\u00fablicos En Segob se establecer\u00e1 la mesa central para entregar el mando a la administraci\u00f3n entrante. El presidente Andr\u00e9s Manuel L\u00f3pez Obrador public\u00f3 en el Diario Oficial de la Federaci\u00f3n los lineamientos para la transici\u00f3n, de tal forma que el equipo de Claudia Sheinbaum conozca y [&hellip;]<\/p>\n","protected":false},"author":1,"featured_media":62249,"comment_status":"closed","ping_status":"closed","sticky":false,"template":"","format":"standard","meta":{"footnotes":""},"categories":[34],"tags":[],"class_list":["post-62248","post","type-post","status-publish","format-standard","has-post-thumbnail","hentry","category-nacional"],"_links":{"self":[{"href":"https:\/\/elinformante.mx\/index.php?rest_route=\/wp\/v2\/posts\/62248","targetHints":{"allow":["GET"]}}],"collection":[{"href":"https:\/\/elinformante.mx\/index.php?rest_route=\/wp\/v2\/posts"}],"about":[{"href":"https:\/\/elinformante.mx\/index.php?rest_route=\/wp\/v2\/types\/post"}],"author":[{"embeddable":true,"href":"https:\/\/elinformante.mx\/index.php?rest_route=\/wp\/v2\/users\/1"}],"replies":[{"embeddable":true,"href":"https:\/\/elinformante.mx\/index.php?rest_route=%2Fwp%2Fv2%2Fcomments&post=62248"}],"version-history":[{"count":0,"href":"https:\/\/elinformante.mx\/index.php?rest_route=\/wp\/v2\/posts\/62248\/revisions"}],"wp:featuredmedia":[{"embeddable":true,"href":"https:\/\/elinformante.mx\/index.php?rest_route=\/wp\/v2\/media\/62249"}],"wp:attachment":[{"href":"https:\/\/elinformante.mx\/index.php?rest_route=%2Fwp%2Fv2%2Fmedia&parent=62248"}],"wp:term":[{"taxonomy":"category","embeddable":true,"href":"https:\/\/elinformante.mx\/index.php?rest_route=%2Fwp%2Fv2%2Fcategories&post=62248"},{"taxonomy":"post_tag","embeddable":true,"href":"https:\/\/elinformante.mx\/index.php?rest_route=%2Fwp%2Fv2%2Ftags&post=62248"}],"curies":[{"name":"wp","href":"https:\/\/api.w.org\/{rel}","templated":true}]}}