{"id":62252,"date":"2024-08-22T07:37:05","date_gmt":"2024-08-22T13:37:05","guid":{"rendered":"https:\/\/elinformante.mx\/?p=62252"},"modified":"2024-08-22T07:37:06","modified_gmt":"2024-08-22T13:37:06","slug":"presenta-sheinbaum-a-marti-batres-como-el-proximo-director-general-del-issste","status":"publish","type":"post","link":"https:\/\/elinformante.mx\/?p=62252","title":{"rendered":"Presenta Sheinbaum a Mart\u00ed Batres como el pr\u00f3ximo Director General del ISSSTE"},"content":{"rendered":"\n<blockquote class=\"wp-block-quote is-layout-flow wp-block-quote-is-layout-flow\">\n<p>La presidenta electa se mostr\u00f3 muy contenta por este nombramiento, afirm\u00f3 confiar en que Batres cumplir\u00e1 con las responsabilidades de este cargo.<\/p>\n<\/blockquote>\n\n\n\n<p>La Presidenta electa de M\u00e9xico, Claudia Sheinbaum Pardo, present\u00f3 a Mart\u00ed Batres Guadarrama, como el pr\u00f3ximo director general del Instituto de Seguridad y Servicios Sociales de los Trabajadores del Estado (ISSSTE).\u2019\u2019Nos tenemos mucha confianza, trabajamos desde hace mucho tiempo juntos. Y como ustedes saben, en la Cuarta Transformaci\u00f3n no es solamente el cargo, sino las responsabilidades y el encargo; y a Mart\u00ed le he pedido y \u00e9l ha aceptado, un encargo fundamental que es ser director del ISSSTE\u2019\u2019, anunci\u00f3.<br><\/p>\n\n\n\n<p>Inform\u00f3 que, adem\u00e1s de sus funciones como director general de esta instituci\u00f3n p\u00fablica, la Presidenta electa, puntualiz\u00f3 que entre sus atribuciones tambi\u00e9n se contemplar\u00e1n las tareas relacionadas con el Fondo de la Vivienda del Instituto de Seguridad y Servicios Sociales de los Trabajadores del Estado (FOVISSSTE).<br><\/p>\n\n\n\n<p>La Presidenta electa puntualiz\u00f3 que una de las prioridades del pr\u00f3ximo sexenio en materia de salud ser\u00e1 continuar con el rescate del ISSSTE, que por muchos a\u00f1os fue abandonado por los gobiernos neoliberales.<br><\/p>\n\n\n\n<p>Durante el nombramiento, Claudia Sheinbaum reconoci\u00f3 la trayectoria acad\u00e9mica y pol\u00edtica de Mart\u00ed Batres, y precis\u00f3 que continuar\u00e1 siendo Jefe de Gobierno de la Ciudad de M\u00e9xico, hasta el pr\u00f3ximo 4 de octubre.<br><\/p>\n\n\n\n<p>\u201cMart\u00ed es un compa\u00f1ero de primera. Tiene una larga historia en la pol\u00edtica, tambi\u00e9n en la Academia porque ha escrito varios libros. Y como saben, fue secretario de Gobierno en la Ciudad de M\u00e9xico. Y despu\u00e9s, el Congreso de la Ciudad lo eligi\u00f3 jefe de Gobierno, actual jefe de Gobierno de la Ciudad de M\u00e9xico hasta el 4 de octubre\u201d, coment\u00f3.<br><\/p>\n\n\n\n<p>Mart\u00ed Batres es Licenciado en Derecho, Maestro en Trabajo Social y Doctor en Estudios Latinoamericanos. Cuenta con diversos diplomados como: Pol\u00edticas Sociales y Urbanas (UNAM), Liderazgo Social y Pol\u00edtico contra la Discriminaci\u00f3n (UAM) y Gerencia Pol\u00edtica e Investigaci\u00f3n de la Opini\u00f3n P\u00fablica (The George Washington University). Por su parte, Mart\u00ed Batres, agradeci\u00f3 a la Doctora Claudia Sheinbaum por la invitaci\u00f3n para formar parte del equipo que la acompa\u00f1ar\u00e1 como Presidenta de la Rep\u00fablica.<br><\/p>\n\n\n\n<p>Se\u00f1al\u00f3 que su objetivo ser\u00e1 fortalecer a esta instituci\u00f3n como un organismo que est\u00e9 100 por ciento al servicio de quienes trabajan para la naci\u00f3n.<br><\/p>\n\n\n\n<p>\u201cVamos a continuar trabajando para solucionar problemas que aquejan a los derechohabientes del ISSSTE. Aqu\u00ed, quiero decirle a los trabajadores al servicio del Estado que vamos a estar a su servicio, como lo indica nuestra filosof\u00eda y como lo indica tambi\u00e9n la funci\u00f3n del ISSSTE, que es una instituci\u00f3n al servicio de los trabajadores del Estado\u201d.<\/p>\n","protected":false},"excerpt":{"rendered":"<p>La presidenta electa se mostr\u00f3 muy contenta por este nombramiento, afirm\u00f3 confiar en que Batres cumplir\u00e1 con las responsabilidades de este cargo. La Presidenta electa de M\u00e9xico, Claudia Sheinbaum Pardo, present\u00f3 a Mart\u00ed Batres Guadarrama, como el pr\u00f3ximo director general del Instituto de Seguridad y Servicios Sociales de los Trabajadores del Estado (ISSSTE).\u2019\u2019Nos tenemos mucha [&hellip;]<\/p>\n","protected":false},"author":1,"featured_media":62253,"comment_status":"closed","ping_status":"closed","sticky":false,"template":"","format":"standard","meta":{"footnotes":""},"categories":[30,34],"tags":[],"class_list":["post-62252","post","type-post","status-publish","format-standard","has-post-thumbnail","hentry","category-destacado","category-nacional"],"_links":{"self":[{"href":"https:\/\/elinformante.mx\/index.php?rest_route=\/wp\/v2\/posts\/62252","targetHints":{"allow":["GET"]}}],"collection":[{"href":"https:\/\/elinformante.mx\/index.php?rest_route=\/wp\/v2\/posts"}],"about":[{"href":"https:\/\/elinformante.mx\/index.php?rest_route=\/wp\/v2\/types\/post"}],"author":[{"embeddable":true,"href":"https:\/\/elinformante.mx\/index.php?rest_route=\/wp\/v2\/users\/1"}],"replies":[{"embeddable":true,"href":"https:\/\/elinformante.mx\/index.php?rest_route=%2Fwp%2Fv2%2Fcomments&post=62252"}],"version-history":[{"count":0,"href":"https:\/\/elinformante.mx\/index.php?rest_route=\/wp\/v2\/posts\/62252\/revisions"}],"wp:featuredmedia":[{"embeddable":true,"href":"https:\/\/elinformante.mx\/index.php?rest_route=\/wp\/v2\/media\/62253"}],"wp:attachment":[{"href":"https:\/\/elinformante.mx\/index.php?rest_route=%2Fwp%2Fv2%2Fmedia&parent=62252"}],"wp:term":[{"taxonomy":"category","embeddable":true,"href":"https:\/\/elinformante.mx\/index.php?rest_route=%2Fwp%2Fv2%2Fcategories&post=62252"},{"taxonomy":"post_tag","embeddable":true,"href":"https:\/\/elinformante.mx\/index.php?rest_route=%2Fwp%2Fv2%2Ftags&post=62252"}],"curies":[{"name":"wp","href":"https:\/\/api.w.org\/{rel}","templated":true}]}}