{"id":62269,"date":"2024-08-23T06:31:04","date_gmt":"2024-08-23T12:31:04","guid":{"rendered":"https:\/\/elinformante.mx\/?p=62269"},"modified":"2024-08-23T06:31:05","modified_gmt":"2024-08-23T12:31:05","slug":"regresa-tim-curry-al-cine-de-terror-despues-de-14-anos-de-ausencia","status":"publish","type":"post","link":"https:\/\/elinformante.mx\/?p=62269","title":{"rendered":"Regresa Tim Curry al cine de terror despu\u00e9s de 14 a\u00f1os de ausencia"},"content":{"rendered":"\n<blockquote class=\"wp-block-quote is-layout-flow wp-block-quote-is-layout-flow\">\n<p>El actor retomar\u00e1 su carrera despu\u00e9s de enfrentar varios problemas de salud<\/p>\n<\/blockquote>\n\n\n\n<p>Tras 14 a\u00f1os de su \u00faltima aparici\u00f3n en la pantalla grande, Tim Curry regresa y a lo grande. De acuerdo con informaci\u00f3n publicada por la revista \u201cVariety\u201d, el actor brit\u00e1nico protagoniza la pel\u00edcula \u201cStream\u201d, un proyecto que ha despertado gran expectativa en el p\u00fablico.<br><\/p>\n\n\n\n<p>Los amantes del terror lo recuerdan como el rostro detr\u00e1s de espeluznantes personajes como el payaso Pennywise o el doctor Dr. Frank N. Furter; incluso, es considerado como una leyenda en la industria cinematogr\u00e1fica, es por ello que cuando se tom\u00f3 un descanso de las pantallas, el p\u00fablico qued\u00f3 con el coraz\u00f3n destrozado.<br><\/p>\n\n\n\n<p>Dirigido por Michael Leavy, el filme narra la historia de una familia que, durante una escapada de fin de semana, se enfrenta a cuatro asesinos que convierten su hotel en un campo de caza. Y fue el propio cineasta quien revel\u00f3 la participaci\u00f3n de Curry en el proyecto.<br><\/p>\n\n\n\n<p>\u201cHa sido un secreto muy dif\u00edcil de guardar. Estamos muy felices y emocionados de traer a Tim de regreso al cine. Su encanto siempre irradia y brilla en todo lo que hace y nos sentimos muy honrados\u201d, dijo al medio en un comunicado.<br><\/p>\n\n\n\n<p>Este ser\u00e1 el primer papel del brit\u00e1nico desde 2010, cuando particip\u00f3 en la cinta \u201cBurke and Hare\u201d. Por desgracia, dos a\u00f1os m\u00e1s tarde, Curry sufri\u00f3 un derrame cerebral que lo dej\u00f3 en silla de ruedas, alej\u00e1ndolo de los foros.<br><\/p>\n\n\n\n<p>Curry, quien ha sido una figura ic\u00f3nica en el g\u00e9nero de terror, ha enfrentado un largo y dif\u00edcil proceso de recuperaci\u00f3n que incluy\u00f3 terapias f\u00edsicas y del habla. A pesar de las dificultades, continu\u00f3 trabajando en proyectos de doblaje para cine y televisi\u00f3n, por eso su regreso al cine emocion\u00f3 a sus m\u00e1s fieles seguidores.<br><\/p>\n\n\n\n<p>Por ahora, la nueva pel\u00edcula de Curry solo se estrenar\u00e1 en Estados Unidos y cines selectos de otros pa\u00edses, y se desconoce si se proyectar\u00e1 en las salas mexicanas.<\/p>\n","protected":false},"excerpt":{"rendered":"<p>El actor retomar\u00e1 su carrera despu\u00e9s de enfrentar varios problemas de salud Tras 14 a\u00f1os de su \u00faltima aparici\u00f3n en la pantalla grande, Tim Curry regresa y a lo grande. De acuerdo con informaci\u00f3n publicada por la revista \u201cVariety\u201d, el actor brit\u00e1nico protagoniza la pel\u00edcula \u201cStream\u201d, un proyecto que ha despertado gran expectativa en el [&hellip;]<\/p>\n","protected":false},"author":1,"featured_media":62270,"comment_status":"closed","ping_status":"closed","sticky":false,"template":"","format":"standard","meta":{"footnotes":""},"categories":[39],"tags":[],"class_list":["post-62269","post","type-post","status-publish","format-standard","has-post-thumbnail","hentry","category-espectaculos"],"_links":{"self":[{"href":"https:\/\/elinformante.mx\/index.php?rest_route=\/wp\/v2\/posts\/62269","targetHints":{"allow":["GET"]}}],"collection":[{"href":"https:\/\/elinformante.mx\/index.php?rest_route=\/wp\/v2\/posts"}],"about":[{"href":"https:\/\/elinformante.mx\/index.php?rest_route=\/wp\/v2\/types\/post"}],"author":[{"embeddable":true,"href":"https:\/\/elinformante.mx\/index.php?rest_route=\/wp\/v2\/users\/1"}],"replies":[{"embeddable":true,"href":"https:\/\/elinformante.mx\/index.php?rest_route=%2Fwp%2Fv2%2Fcomments&post=62269"}],"version-history":[{"count":0,"href":"https:\/\/elinformante.mx\/index.php?rest_route=\/wp\/v2\/posts\/62269\/revisions"}],"wp:featuredmedia":[{"embeddable":true,"href":"https:\/\/elinformante.mx\/index.php?rest_route=\/wp\/v2\/media\/62270"}],"wp:attachment":[{"href":"https:\/\/elinformante.mx\/index.php?rest_route=%2Fwp%2Fv2%2Fmedia&parent=62269"}],"wp:term":[{"taxonomy":"category","embeddable":true,"href":"https:\/\/elinformante.mx\/index.php?rest_route=%2Fwp%2Fv2%2Fcategories&post=62269"},{"taxonomy":"post_tag","embeddable":true,"href":"https:\/\/elinformante.mx\/index.php?rest_route=%2Fwp%2Fv2%2Ftags&post=62269"}],"curies":[{"name":"wp","href":"https:\/\/api.w.org\/{rel}","templated":true}]}}