{"id":62272,"date":"2024-08-23T06:32:17","date_gmt":"2024-08-23T12:32:17","guid":{"rendered":"https:\/\/elinformante.mx\/?p=62272"},"modified":"2024-08-23T06:32:18","modified_gmt":"2024-08-23T12:32:18","slug":"taylor-swift-sigue-rompiendo-records-en-londres","status":"publish","type":"post","link":"https:\/\/elinformante.mx\/?p=62272","title":{"rendered":"Taylor Swift sigue rompiendo r\u00e9cords en Londres"},"content":{"rendered":"\n<blockquote class=\"wp-block-quote is-layout-flow wp-block-quote-is-layout-flow\">\n<p>La cantante acaba de romper el hist\u00f3rico de Michael Jackson<\/p>\n<\/blockquote>\n\n\n\n<p>La cantante estadounidense Taylor Swift finaliz\u00f3 en Londres la rama europea de su gira \u2018The Eras Tour\u2019, que incluy\u00f3 ocho fechas de conciertos en el Estadio de Wembley que han conseguido romper r\u00e9cords hist\u00f3ricos.<br><\/p>\n\n\n\n<p>Con el octavo y \u00faltimo de los conciertos en la capital brit\u00e1nica, celebrado este 20 de agosto, Taylor Swift se convirti\u00f3 en la artista que m\u00e1s veces hab\u00eda actuado en Wembley en una misma gira en solitario, arrebatando el r\u00e9cord que hasta ahora albergaba Michael Jackson, con las siete noches de su \u2018Bad World Tour\u2019 en Londres en 1988.<br><\/p>\n\n\n\n<p>Taylor agradeci\u00f3 a todos los seguidores por convertir\u00e1 en la primera artista en la historia de Wembley que ha tocado ocho noches en una \u00fanica gira.<br><\/p>\n\n\n\n<p>En este \u00faltimo concierto logr\u00f3 reunir a m\u00e1s de 90.000 espectadores.<br><\/p>\n\n\n\n<figure class=\"wp-block-image size-large\"><img fetchpriority=\"high\" decoding=\"async\" width=\"1024\" height=\"503\" src=\"https:\/\/elinformante.mx\/wp-content\/uploads\/2024\/08\/15taylor-1024x503.jpg\" alt=\"\" class=\"wp-image-62274\" srcset=\"https:\/\/elinformante.mx\/wp-content\/uploads\/2024\/08\/15taylor-1024x503.jpg 1024w, https:\/\/elinformante.mx\/wp-content\/uploads\/2024\/08\/15taylor-300x147.jpg 300w, https:\/\/elinformante.mx\/wp-content\/uploads\/2024\/08\/15taylor-768x377.jpg 768w, https:\/\/elinformante.mx\/wp-content\/uploads\/2024\/08\/15taylor-580x285.jpg 580w, https:\/\/elinformante.mx\/wp-content\/uploads\/2024\/08\/15taylor-860x422.jpg 860w, https:\/\/elinformante.mx\/wp-content\/uploads\/2024\/08\/15taylor.jpg 1140w\" sizes=\"(max-width: 1024px) 100vw, 1024px\" \/><\/figure>\n\n\n\n<p>Con ese octavo show, en el que cont\u00f3 con la presencia de la artista Florence Welch, igual\u00f3 a la banda brit\u00e1nica \u2018Take That\u2019, que hasta ahora albergaba el r\u00e9cord general de m\u00e1s noches en Wembley en una sola gira, desde su \u2018Progress Tour\u2019 de 2011.<br><\/p>\n\n\n\n<p>Solo en el Reino Unido y con sus conciertos en Londres, Edimburgo, Liverpool o Cardiff, m\u00e1s de 1,2 millones de personas asistieron a sus shows, lo que se estima que gener\u00f3 unos 1.000 millones de libras (1.178 millones de euros) en el pa\u00eds.<br><\/p>\n\n\n\n<p>Incluso un equipo de geof\u00edsicos en Edimburgo detect\u00f3 ondas sist\u00e9micas durante uno de sus conciertos en la capital escocesa el pasado mes de junio, que provocaron que el suelo se moviera un m\u00e1ximo de 23,4 nan\u00f3metros durante la canci\u00f3n \u2018Ready For It\u2019.<br><\/p>\n\n\n\n<p>Tambi\u00e9n en junio, durante la primera parte de conciertos en Wembley, los \u2018swifties\u2019 rompieron el r\u00e9cord de mayor uso de datos m\u00f3viles durante un concierto dentro del m\u00edtico recinto, con m\u00e1s de 5,57 TB de datos utilizados, el equivalente a \u201cescuchar todo el cat\u00e1logo de Taylor durante diez a\u00f1os\u201d, indic\u00f3 la compa\u00f1\u00eda de m\u00f3viles brit\u00e1nica EE en un comunicado.<\/p>\n","protected":false},"excerpt":{"rendered":"<p>La cantante acaba de romper el hist\u00f3rico de Michael Jackson La cantante estadounidense Taylor Swift finaliz\u00f3 en Londres la rama europea de su gira \u2018The Eras Tour\u2019, que incluy\u00f3 ocho fechas de conciertos en el Estadio de Wembley que han conseguido romper r\u00e9cords hist\u00f3ricos. Con el octavo y \u00faltimo de los conciertos en la capital [&hellip;]<\/p>\n","protected":false},"author":1,"featured_media":62273,"comment_status":"closed","ping_status":"closed","sticky":false,"template":"","format":"standard","meta":{"footnotes":""},"categories":[30,39],"tags":[],"class_list":["post-62272","post","type-post","status-publish","format-standard","has-post-thumbnail","hentry","category-destacado","category-espectaculos"],"_links":{"self":[{"href":"https:\/\/elinformante.mx\/index.php?rest_route=\/wp\/v2\/posts\/62272","targetHints":{"allow":["GET"]}}],"collection":[{"href":"https:\/\/elinformante.mx\/index.php?rest_route=\/wp\/v2\/posts"}],"about":[{"href":"https:\/\/elinformante.mx\/index.php?rest_route=\/wp\/v2\/types\/post"}],"author":[{"embeddable":true,"href":"https:\/\/elinformante.mx\/index.php?rest_route=\/wp\/v2\/users\/1"}],"replies":[{"embeddable":true,"href":"https:\/\/elinformante.mx\/index.php?rest_route=%2Fwp%2Fv2%2Fcomments&post=62272"}],"version-history":[{"count":0,"href":"https:\/\/elinformante.mx\/index.php?rest_route=\/wp\/v2\/posts\/62272\/revisions"}],"wp:featuredmedia":[{"embeddable":true,"href":"https:\/\/elinformante.mx\/index.php?rest_route=\/wp\/v2\/media\/62273"}],"wp:attachment":[{"href":"https:\/\/elinformante.mx\/index.php?rest_route=%2Fwp%2Fv2%2Fmedia&parent=62272"}],"wp:term":[{"taxonomy":"category","embeddable":true,"href":"https:\/\/elinformante.mx\/index.php?rest_route=%2Fwp%2Fv2%2Fcategories&post=62272"},{"taxonomy":"post_tag","embeddable":true,"href":"https:\/\/elinformante.mx\/index.php?rest_route=%2Fwp%2Fv2%2Ftags&post=62272"}],"curies":[{"name":"wp","href":"https:\/\/api.w.org\/{rel}","templated":true}]}}