{"id":62279,"date":"2024-08-23T06:33:55","date_gmt":"2024-08-23T12:33:55","guid":{"rendered":"https:\/\/elinformante.mx\/?p=62279"},"modified":"2024-08-23T06:33:56","modified_gmt":"2024-08-23T12:33:56","slug":"checo-perez-se-prepara-para-regresar-al-triunfo","status":"publish","type":"post","link":"https:\/\/elinformante.mx\/?p=62279","title":{"rendered":"Checo P\u00e9rez se prepara para regresar al triunfo"},"content":{"rendered":"\n<blockquote class=\"wp-block-quote is-layout-flow wp-block-quote-is-layout-flow\">\n<p>Reiter\u00f3 que est\u00e1 comprometido con Red Bull y confi\u00f3 en que quiere volver a su nivel de principio de la temporada<\/p>\n<\/blockquote>\n\n\n\n<p>Sergio \u201cCheco\u2019 P\u00e9rez\u201d busca darle la vuelta a la p\u00e1gina a la mitad de la temporada 2024 de la F\u00f3rmula Uno. Admiti\u00f3 que estuvo un poco perdido en la primera parte del campeonato, pues de estar en segundo lugar del Mundial de Pilotos a ocupar el s\u00e9ptimo actualmente.<br><\/p>\n\n\n\n<p>\u201cUna primera mitad de temporada dif\u00edcil. Siempre ha estado plenamente comprometido con el equipo. Tengo la esperanza y la convicci\u00f3n de poder cambiar mi temporada en las pr\u00f3ximas 10 carreras.<br><\/p>\n\n\n\n<p>Durante las vacaciones, se trabaj\u00f3 mucho en el aspecto emocional, donde pudo entender muchas cosas, en lo mec\u00e1nico tambi\u00e9n trabaj\u00f3 sobre el coche y las mejoras.<br><\/p>\n\n\n\n<p>\u201cEn general, creo que est\u00e1bamos un poco perdidos y ahora entendemos mucho m\u00e1s lo que est\u00e1 pasando con el auto\u201d, mencion\u00f3 \u2018Checo\u2019 P\u00e9rez en Zandvoort.<br><\/p>\n\n\n\n<figure class=\"wp-block-image size-large\"><img fetchpriority=\"high\" decoding=\"async\" width=\"1024\" height=\"503\" src=\"https:\/\/elinformante.mx\/wp-content\/uploads\/2024\/08\/14checo-1-1024x503.jpg\" alt=\"\" class=\"wp-image-62281\" srcset=\"https:\/\/elinformante.mx\/wp-content\/uploads\/2024\/08\/14checo-1-1024x503.jpg 1024w, https:\/\/elinformante.mx\/wp-content\/uploads\/2024\/08\/14checo-1-300x147.jpg 300w, https:\/\/elinformante.mx\/wp-content\/uploads\/2024\/08\/14checo-1-768x377.jpg 768w, https:\/\/elinformante.mx\/wp-content\/uploads\/2024\/08\/14checo-1-580x285.jpg 580w, https:\/\/elinformante.mx\/wp-content\/uploads\/2024\/08\/14checo-1-860x422.jpg 860w, https:\/\/elinformante.mx\/wp-content\/uploads\/2024\/08\/14checo-1.jpg 1140w\" sizes=\"(max-width: 1024px) 100vw, 1024px\" \/><\/figure>\n\n\n\n<p>A la temporada 2024 de la F1 le quedan 10 fechas: Pa\u00edses Bajos, Italia, Azerbaiy\u00e1n, Singapur, EU, M\u00e9xico, Brasil, EU (Las Vegas), Qatar y Abu Dhabi.<br><\/p>\n\n\n\n<p>El tapat\u00edo tiene contrato con Red Bull por otros dos a\u00f1os. Su equipo lo ha arropado en varias ocasiones a pesar de los \u00faltimos resultados que no se le han dado, principalmente en la calificaci\u00f3n donde ha tenido problemas. Las especulaciones sobre su salida aumentaron.<br><\/p>\n\n\n\n<p>\u201cSi podemos solucionar los problemas y cu\u00e1nto tiempo llevar\u00e1, eso es un signo de interrogaci\u00f3n. Ciertamente, sabemos que ha habido una o dos mejoras que nos han puesto a la defensiva. Tenemos mucho rendimiento dentro de nosotros, pero tenemos que extraerlo del coche. Si somos capaces de hacer eso, esta temporada puede parecer muy fuerte\u201d, agreg\u00f3 \u2018Checo\u2019 P\u00e9rez.<br><\/p>\n\n\n\n<p>Red Bull tratar\u00e1 de conseguir su tercer t\u00edtulo de Constructores de manera consecutiva. El mexicano est\u00e1 consciente de ello y apunta a querer retomar el nivel que ten\u00eda a principio de la temporada, donde subi\u00f3 en cuatro ocasiones al podio.<br><\/p>\n\n\n\n<p>\u201c\u00danicamente quiero volver a la forma que ten\u00eda a principios de a\u00f1o. Estaba constantemente sumando podios, luchando por las poles. Quiero volver a eso\u201d, mencion\u00f3 \u2018Checo\u2019 P\u00e9rez.<\/p>\n","protected":false},"excerpt":{"rendered":"<p>Reiter\u00f3 que est\u00e1 comprometido con Red Bull y confi\u00f3 en que quiere volver a su nivel de principio de la temporada Sergio \u201cCheco\u2019 P\u00e9rez\u201d busca darle la vuelta a la p\u00e1gina a la mitad de la temporada 2024 de la F\u00f3rmula Uno. Admiti\u00f3 que estuvo un poco perdido en la primera parte del campeonato, pues [&hellip;]<\/p>\n","protected":false},"author":1,"featured_media":62280,"comment_status":"closed","ping_status":"closed","sticky":false,"template":"","format":"standard","meta":{"footnotes":""},"categories":[38,30],"tags":[],"class_list":["post-62279","post","type-post","status-publish","format-standard","has-post-thumbnail","hentry","category-deportes","category-destacado"],"_links":{"self":[{"href":"https:\/\/elinformante.mx\/index.php?rest_route=\/wp\/v2\/posts\/62279","targetHints":{"allow":["GET"]}}],"collection":[{"href":"https:\/\/elinformante.mx\/index.php?rest_route=\/wp\/v2\/posts"}],"about":[{"href":"https:\/\/elinformante.mx\/index.php?rest_route=\/wp\/v2\/types\/post"}],"author":[{"embeddable":true,"href":"https:\/\/elinformante.mx\/index.php?rest_route=\/wp\/v2\/users\/1"}],"replies":[{"embeddable":true,"href":"https:\/\/elinformante.mx\/index.php?rest_route=%2Fwp%2Fv2%2Fcomments&post=62279"}],"version-history":[{"count":0,"href":"https:\/\/elinformante.mx\/index.php?rest_route=\/wp\/v2\/posts\/62279\/revisions"}],"wp:featuredmedia":[{"embeddable":true,"href":"https:\/\/elinformante.mx\/index.php?rest_route=\/wp\/v2\/media\/62280"}],"wp:attachment":[{"href":"https:\/\/elinformante.mx\/index.php?rest_route=%2Fwp%2Fv2%2Fmedia&parent=62279"}],"wp:term":[{"taxonomy":"category","embeddable":true,"href":"https:\/\/elinformante.mx\/index.php?rest_route=%2Fwp%2Fv2%2Fcategories&post=62279"},{"taxonomy":"post_tag","embeddable":true,"href":"https:\/\/elinformante.mx\/index.php?rest_route=%2Fwp%2Fv2%2Ftags&post=62279"}],"curies":[{"name":"wp","href":"https:\/\/api.w.org\/{rel}","templated":true}]}}