{"id":62283,"date":"2024-08-23T06:34:50","date_gmt":"2024-08-23T12:34:50","guid":{"rendered":"https:\/\/elinformante.mx\/?p=62283"},"modified":"2024-08-23T06:34:52","modified_gmt":"2024-08-23T12:34:52","slug":"condenan-a-84-anos-a-sujeto-por-el-asesinato-de-dos-adolescentes-en-naucalpan","status":"publish","type":"post","link":"https:\/\/elinformante.mx\/?p=62283","title":{"rendered":"Condenan a 84 a\u00f1os a sujeto por el asesinato de dos adolescentes en Naucalpan"},"content":{"rendered":"\n<blockquote class=\"wp-block-quote is-layout-flow wp-block-quote-is-layout-flow\">\n<p>Fue detenido en octubre de 2023, en el estado de Baja California, en acci\u00f3n conjunta de la SSPC federal, CONAHO, CONASE, Fiscal\u00eda mexiquense, Fiscal\u00eda General de Baja California y la Polic\u00eda Municipal de Tijuana.<\/p>\n<\/blockquote>\n\n\n\n<p>La FGJEM obtuvo sentencia de condena de 84 a\u00f1os de prisi\u00f3n para Eduardo Mungu\u00eda Arvizu, tras ser encontrado responsable de homicidio calificado en agravio de una adolescente de 14 a\u00f1os y homicidio calificado en grado de tentativa contra una adolescente de 13 a\u00f1os, il\u00edcito cometido el 21 de septiembre de 2023, en el municipio de Naucalpan.<br><\/p>\n\n\n\n<p>El d\u00eda de los hechos, ambas v\u00edctimas estudiantes de una escuela secundaria de la zona, tras salir del plantel educativo y caminar por un paraje conocido como \u201cCampo de Futbol El Camello\u201d, ubicado en la colonia La Palma de Naucalpan, fueron interceptadas por este individuo, quien las amag\u00f3 con un instrumento punzocortante y las condujo a la zona boscosa del lugar, donde las habr\u00eda atacado con dicho objeto.<br><\/p>\n\n\n\n<p>Una de las v\u00edctimas falleci\u00f3 y la otra logr\u00f3 escapar y solicit\u00f3 ayuda, por lo que fue trasladada a un hospital de la zona, donde recibi\u00f3 atenci\u00f3n m\u00e9dica.<br><\/p>\n\n\n\n<p>Se llevo a cabo las investigaciones, de gabinete y campo, con los cuales esta Instituci\u00f3n se alleg\u00f3 de pruebas para solicitar orden de aprehensi\u00f3n contra Eduardo Mungu\u00eda Arvizu, identificado como responsable de estos il\u00edcitos.<br><\/p>\n\n\n\n<p>En octubre del a\u00f1o pasado se detuvo a este individuo y fue trasladado e ingresado al Centro Penitenciario y de Reinserci\u00f3n Social \u201cLic. Juan Fern\u00e1ndez Albarr\u00e1n\u201d en Tlalnepantla, donde desp\u00faes de la investigaci\u00f3n le dictaron una condena de 47 a\u00f1os y 6 meses de prisi\u00f3n por el delito de homicidio calificado, adem\u00e1s le impuso multa de 1,765 d\u00edas de salario m\u00ednimo, as\u00ed como 184 mil 138 pesos como reparaci\u00f3n del da\u00f1o material y 227 mil 190 mil como reparaci\u00f3n del da\u00f1o moral.<br><\/p>\n\n\n\n<p>En tanto que por el delito de homicidio calificado en grado de tentativa fue condenado a 36 a\u00f1os 6 meses de prisi\u00f3n, asimismo le fue fijada multa de 108 d\u00edas de salario m\u00ednimo y 10 mil 374 como reparaci\u00f3n del da\u00f1o moral, en tanto que sus derechos civiles y pol\u00edticos quedaron suspendidos.<\/p>\n","protected":false},"excerpt":{"rendered":"<p>Fue detenido en octubre de 2023, en el estado de Baja California, en acci\u00f3n conjunta de la SSPC federal, CONAHO, CONASE, Fiscal\u00eda mexiquense, Fiscal\u00eda General de Baja California y la Polic\u00eda Municipal de Tijuana. La FGJEM obtuvo sentencia de condena de 84 a\u00f1os de prisi\u00f3n para Eduardo Mungu\u00eda Arvizu, tras ser encontrado responsable de homicidio [&hellip;]<\/p>\n","protected":false},"author":1,"featured_media":62284,"comment_status":"closed","ping_status":"closed","sticky":false,"template":"","format":"standard","meta":{"footnotes":""},"categories":[36,37],"tags":[],"class_list":["post-62283","post","type-post","status-publish","format-standard","has-post-thumbnail","hentry","category-edomex","category-justicia"],"_links":{"self":[{"href":"https:\/\/elinformante.mx\/index.php?rest_route=\/wp\/v2\/posts\/62283","targetHints":{"allow":["GET"]}}],"collection":[{"href":"https:\/\/elinformante.mx\/index.php?rest_route=\/wp\/v2\/posts"}],"about":[{"href":"https:\/\/elinformante.mx\/index.php?rest_route=\/wp\/v2\/types\/post"}],"author":[{"embeddable":true,"href":"https:\/\/elinformante.mx\/index.php?rest_route=\/wp\/v2\/users\/1"}],"replies":[{"embeddable":true,"href":"https:\/\/elinformante.mx\/index.php?rest_route=%2Fwp%2Fv2%2Fcomments&post=62283"}],"version-history":[{"count":0,"href":"https:\/\/elinformante.mx\/index.php?rest_route=\/wp\/v2\/posts\/62283\/revisions"}],"wp:featuredmedia":[{"embeddable":true,"href":"https:\/\/elinformante.mx\/index.php?rest_route=\/wp\/v2\/media\/62284"}],"wp:attachment":[{"href":"https:\/\/elinformante.mx\/index.php?rest_route=%2Fwp%2Fv2%2Fmedia&parent=62283"}],"wp:term":[{"taxonomy":"category","embeddable":true,"href":"https:\/\/elinformante.mx\/index.php?rest_route=%2Fwp%2Fv2%2Fcategories&post=62283"},{"taxonomy":"post_tag","embeddable":true,"href":"https:\/\/elinformante.mx\/index.php?rest_route=%2Fwp%2Fv2%2Ftags&post=62283"}],"curies":[{"name":"wp","href":"https:\/\/api.w.org\/{rel}","templated":true}]}}