{"id":62286,"date":"2024-08-23T06:37:20","date_gmt":"2024-08-23T12:37:20","guid":{"rendered":"https:\/\/elinformante.mx\/?p=62286"},"modified":"2024-08-23T06:37:21","modified_gmt":"2024-08-23T12:37:21","slug":"por-secuestro-expres-lo-condenan-a-55-anos-de-prision","status":"publish","type":"post","link":"https:\/\/elinformante.mx\/?p=62286","title":{"rendered":"Por secuestro expr\u00e9s lo condenan a 55 a\u00f1os de prisi\u00f3n"},"content":{"rendered":"\n<blockquote class=\"wp-block-quote is-layout-flow wp-block-quote-is-layout-flow\">\n<p>Esta es la segunda condena que la Fiscal\u00eda mexiquense obtiene en contra de este individuo, ya que el pasado mes de junio fue sentenciado a 70 a\u00f1os de prisi\u00f3n por otro secuestro expr\u00e9s cometido en Ecatepec.<\/p>\n<\/blockquote>\n\n\n\n<p>Alexis Fragoso Hern\u00e1ndez fue condenado a 55 a\u00f1os de prisi\u00f3n, luego de que la Fiscal\u00eda General de Justicia del Estado de M\u00e9xico (FGJEM) acredit\u00f3 su intervenci\u00f3n en el delito de secuestro expr\u00e9s con fines de robo, hechos registrados en este municipio en el a\u00f1o 2023.<br><\/p>\n\n\n\n<p>Luego de revisar las pruebas aportadas y expuestas por el Agente del Ministerio P\u00fablico, un Juez del Distrito Judicial de Ecatepec dict\u00f3 esta sentencia condenatoria contra el acusado, quien adem\u00e1s deber\u00e1 pagar multa de 466 mil 830 pesos, en tanto que sus derechos pol\u00edticos y civiles fueron suspendidos.<br><\/p>\n\n\n\n<p>La Fiscal\u00eda mexiquense precis\u00f3 que el 11 de julio del a\u00f1o pasado, dos personas viajaban en un veh\u00edculo marca Ford, en el que transportaban tubos de PVC propiedad de una empresa Rotoplas, y al transitar en la avenida Jos\u00e9 L\u00f3pez Portillo, colonia Villa de las Flores, en Coacalco, los tripulantes de una unidad automotora marca Nissan les impidieron el paso.<br><\/p>\n\n\n\n<p>De ese veh\u00edculo descendieron tres individuos, entre ellos el ahora sentenciado, quienes sometieron a las v\u00edctimas y las obligaron a abordar el veh\u00edculo Nissan, donde los mantuvieron privados de la libertad y posteriormente trasladaron a un terreno bald\u00edo en el municipio de Tec\u00e1mac, donde las liberaron. En tanto que les hurtaron la unidad automotora con la mercanc\u00eda referida.<br><\/p>\n\n\n\n<p>Esta es la segunda condena que obtiene la Fiscal\u00eda mexiquense en contra de este individuo, ya que el pasado mes de junio fue sentenciado a 70 a\u00f1os de prisi\u00f3n por otro secuestro expr\u00e9s cometido el 27 de mayo del 2023, en Ecatepec.<\/p>\n","protected":false},"excerpt":{"rendered":"<p>Esta es la segunda condena que la Fiscal\u00eda mexiquense obtiene en contra de este individuo, ya que el pasado mes de junio fue sentenciado a 70 a\u00f1os de prisi\u00f3n por otro secuestro expr\u00e9s cometido en Ecatepec. Alexis Fragoso Hern\u00e1ndez fue condenado a 55 a\u00f1os de prisi\u00f3n, luego de que la Fiscal\u00eda General de Justicia del [&hellip;]<\/p>\n","protected":false},"author":1,"featured_media":62287,"comment_status":"closed","ping_status":"closed","sticky":false,"template":"","format":"standard","meta":{"footnotes":""},"categories":[36,37],"tags":[],"class_list":["post-62286","post","type-post","status-publish","format-standard","has-post-thumbnail","hentry","category-edomex","category-justicia"],"_links":{"self":[{"href":"https:\/\/elinformante.mx\/index.php?rest_route=\/wp\/v2\/posts\/62286","targetHints":{"allow":["GET"]}}],"collection":[{"href":"https:\/\/elinformante.mx\/index.php?rest_route=\/wp\/v2\/posts"}],"about":[{"href":"https:\/\/elinformante.mx\/index.php?rest_route=\/wp\/v2\/types\/post"}],"author":[{"embeddable":true,"href":"https:\/\/elinformante.mx\/index.php?rest_route=\/wp\/v2\/users\/1"}],"replies":[{"embeddable":true,"href":"https:\/\/elinformante.mx\/index.php?rest_route=%2Fwp%2Fv2%2Fcomments&post=62286"}],"version-history":[{"count":0,"href":"https:\/\/elinformante.mx\/index.php?rest_route=\/wp\/v2\/posts\/62286\/revisions"}],"wp:featuredmedia":[{"embeddable":true,"href":"https:\/\/elinformante.mx\/index.php?rest_route=\/wp\/v2\/media\/62287"}],"wp:attachment":[{"href":"https:\/\/elinformante.mx\/index.php?rest_route=%2Fwp%2Fv2%2Fmedia&parent=62286"}],"wp:term":[{"taxonomy":"category","embeddable":true,"href":"https:\/\/elinformante.mx\/index.php?rest_route=%2Fwp%2Fv2%2Fcategories&post=62286"},{"taxonomy":"post_tag","embeddable":true,"href":"https:\/\/elinformante.mx\/index.php?rest_route=%2Fwp%2Fv2%2Ftags&post=62286"}],"curies":[{"name":"wp","href":"https:\/\/api.w.org\/{rel}","templated":true}]}}