{"id":62289,"date":"2024-08-23T06:38:26","date_gmt":"2024-08-23T12:38:26","guid":{"rendered":"https:\/\/elinformante.mx\/?p=62289"},"modified":"2024-08-23T06:38:27","modified_gmt":"2024-08-23T12:38:27","slug":"detienen-a-sujeto-por-el-delito-de-feminicidio-en-grado-de-tentativa","status":"publish","type":"post","link":"https:\/\/elinformante.mx\/?p=62289","title":{"rendered":"Detienen a sujeto por el delito de feminicidio en grado de tentativa"},"content":{"rendered":"\n<blockquote class=\"wp-block-quote is-layout-flow wp-block-quote-is-layout-flow\">\n<p>Fue trasladado al Estado de M\u00e9xico e ingresado al Centro Penitenciario y de Reinserci\u00f3n Social de Almoloya de Ju\u00e1rez.<\/p>\n<\/blockquote>\n\n\n\n<p>La FGJEM, en conjunto con la SSPC, a trav\u00e9s de la Comisi\u00f3n Nacional Antihomicidio (CONAHO) y la Fiscal\u00eda General del Estado de Quer\u00e9taro, detuvieron en esa entidad federativa a Francisco Javier \u201cN\u201d, se\u00f1alado por su probable intervenci\u00f3n en el delito de feminicidio en grado de tentativa, por hechos registrados en el municipio mexiquense de Toluca en el a\u00f1o 2021.<br><\/p>\n\n\n\n<p>Este individuo presumiblemente se encontraba oculto en el estado de Quer\u00e9taro para evadirse de la acci\u00f3n de la justicia, por ello fue solicitada la colaboraci\u00f3n de su hom\u00f3loga de esa entidad, para incursionar en su territorio y aprehender al probable implicado.<br><\/p>\n\n\n\n<p>Tras ser detenido en las inmediaciones del Aeropuerto Internacional de Quer\u00e9taro en la carretera estatal Quer\u00e9taro-Tequisquiapan, en Quer\u00e9taro, fue traslado al Estado de M\u00e9xico e ingresado al Centro Penitenciario y de Reinserci\u00f3n Social de Santiaguito en Almoloya de Ju\u00e1rez, a disposici\u00f3n de la Autoridad Judicial, quien habr\u00e1 de determinar su situaci\u00f3n jur\u00eddica.<br><\/p>\n\n\n\n<p>El delito se cometi\u00f3 el 15 de octubre de 2021, en un inmueble de la colonia Los Sauces, de la capital mexiquense, donde presumiblemente agredi\u00f3 f\u00edsicamente a su ex pareja sentimental, a quien despu\u00e9s intent\u00f3 privar de la vida al tomarla por el cuello para estrangularla.<br><\/p>\n\n\n\n<p>La v\u00edctima denunci\u00f3 estos hechos ante la Fiscal\u00eda mexiquense, por ello fueron recabados datos de prueba con los cuales el Representante Social solicit\u00f3 a la Autoridad Judicial librar orden de aprehensi\u00f3n en su contra, mandamiento judicial que fue otorgado y cumplimentado.<\/p>\n","protected":false},"excerpt":{"rendered":"<p>Fue trasladado al Estado de M\u00e9xico e ingresado al Centro Penitenciario y de Reinserci\u00f3n Social de Almoloya de Ju\u00e1rez. La FGJEM, en conjunto con la SSPC, a trav\u00e9s de la Comisi\u00f3n Nacional Antihomicidio (CONAHO) y la Fiscal\u00eda General del Estado de Quer\u00e9taro, detuvieron en esa entidad federativa a Francisco Javier \u201cN\u201d, se\u00f1alado por su probable [&hellip;]<\/p>\n","protected":false},"author":1,"featured_media":62290,"comment_status":"closed","ping_status":"closed","sticky":false,"template":"","format":"standard","meta":{"footnotes":""},"categories":[30,36,37],"tags":[],"class_list":["post-62289","post","type-post","status-publish","format-standard","has-post-thumbnail","hentry","category-destacado","category-edomex","category-justicia"],"_links":{"self":[{"href":"https:\/\/elinformante.mx\/index.php?rest_route=\/wp\/v2\/posts\/62289","targetHints":{"allow":["GET"]}}],"collection":[{"href":"https:\/\/elinformante.mx\/index.php?rest_route=\/wp\/v2\/posts"}],"about":[{"href":"https:\/\/elinformante.mx\/index.php?rest_route=\/wp\/v2\/types\/post"}],"author":[{"embeddable":true,"href":"https:\/\/elinformante.mx\/index.php?rest_route=\/wp\/v2\/users\/1"}],"replies":[{"embeddable":true,"href":"https:\/\/elinformante.mx\/index.php?rest_route=%2Fwp%2Fv2%2Fcomments&post=62289"}],"version-history":[{"count":0,"href":"https:\/\/elinformante.mx\/index.php?rest_route=\/wp\/v2\/posts\/62289\/revisions"}],"wp:featuredmedia":[{"embeddable":true,"href":"https:\/\/elinformante.mx\/index.php?rest_route=\/wp\/v2\/media\/62290"}],"wp:attachment":[{"href":"https:\/\/elinformante.mx\/index.php?rest_route=%2Fwp%2Fv2%2Fmedia&parent=62289"}],"wp:term":[{"taxonomy":"category","embeddable":true,"href":"https:\/\/elinformante.mx\/index.php?rest_route=%2Fwp%2Fv2%2Fcategories&post=62289"},{"taxonomy":"post_tag","embeddable":true,"href":"https:\/\/elinformante.mx\/index.php?rest_route=%2Fwp%2Fv2%2Ftags&post=62289"}],"curies":[{"name":"wp","href":"https:\/\/api.w.org\/{rel}","templated":true}]}}