{"id":62313,"date":"2024-08-23T07:07:46","date_gmt":"2024-08-23T13:07:46","guid":{"rendered":"https:\/\/elinformante.mx\/?p=62313"},"modified":"2024-08-23T07:07:47","modified_gmt":"2024-08-23T13:07:47","slug":"favorece-la-uaemex-la-formacion-academica-de-las-areas-de-salud","status":"publish","type":"post","link":"https:\/\/elinformante.mx\/?p=62313","title":{"rendered":"Favorece la UAEM\u00e9x la formaci\u00f3n acad\u00e9mica de las \u00e1reas de salud"},"content":{"rendered":"\n<blockquote class=\"wp-block-quote is-layout-flow wp-block-quote-is-layout-flow\">\n<p>El rector de la UAEM\u00e9x, Carlos Eduardo Barrera D\u00edaz, afirm\u00f3 que impulsar el aprendizaje en las \u00e1reas de la salud mejora la calidad de vida.<\/p>\n<\/blockquote>\n\n\n\n<p>Con el objetivo de favorecer la formaci\u00f3n acad\u00e9mica del estudiantado, el rector de la Universidad Aut\u00f3noma del Estado de M\u00e9xico (UAEM\u00e9x), Carlos Eduardo Barrera D\u00edaz, hizo entrega de material bibliogr\u00e1fico al estudiantado de las \u00e1reas de la salud de esta casa de estudios.<br><\/p>\n\n\n\n<p>En la Facultad de Medicina, Barrera D\u00edaz afirm\u00f3 que fomentar el aprendizaje en el \u00e1rea de la salud es clave para mantenerse informado y tomar decisiones que mejoren la calidad de vida. Por ello, la Aut\u00f3noma mexiquense cuenta con m\u00e1s de cuatrocientos cincuenta mil libros electr\u00f3nicos y ciento siete mil revistas electr\u00f3nicas de libre acceso para la comunidad universitaria.<br><\/p>\n\n\n\n<figure class=\"wp-block-image size-large\"><img fetchpriority=\"high\" decoding=\"async\" width=\"1024\" height=\"503\" src=\"https:\/\/elinformante.mx\/wp-content\/uploads\/2024\/08\/10uaemex-3-4-1024x503.jpg\" alt=\"\" class=\"wp-image-62315\" srcset=\"https:\/\/elinformante.mx\/wp-content\/uploads\/2024\/08\/10uaemex-3-4-1024x503.jpg 1024w, https:\/\/elinformante.mx\/wp-content\/uploads\/2024\/08\/10uaemex-3-4-300x147.jpg 300w, https:\/\/elinformante.mx\/wp-content\/uploads\/2024\/08\/10uaemex-3-4-768x377.jpg 768w, https:\/\/elinformante.mx\/wp-content\/uploads\/2024\/08\/10uaemex-3-4-580x285.jpg 580w, https:\/\/elinformante.mx\/wp-content\/uploads\/2024\/08\/10uaemex-3-4-860x422.jpg 860w, https:\/\/elinformante.mx\/wp-content\/uploads\/2024\/08\/10uaemex-3-4.jpg 1140w\" sizes=\"(max-width: 1024px) 100vw, 1024px\" \/><\/figure>\n\n\n\n<p>En el acto, hizo entrega de libros de las editoriales McGraw Hill, Gdc difusi\u00f3n cient\u00edfica, JOURNALS ONLINE, Editorial M\u00e9dica Panamericana y DC Cengage a estudiantado de las facultades de Medicina, Qu\u00edmica, Odontolog\u00eda, Enfermer\u00eda y Obstetricia, Ciencias de la Conducta y Medicina Veterinaria y Zootecnia.<br><\/p>\n\n\n\n<p>Durante la inauguraci\u00f3n, el director de Evaluaci\u00f3n de la secretar\u00eda de Planeaci\u00f3n y Desarrollo Institucional, Manuel Alejandro Jim\u00e9nez Ortiz, enfatiz\u00f3 que la proliferaci\u00f3n de las tecnolog\u00edas de la informaci\u00f3n ha ampliado de manera exponencial las posibilidades de acceso a fuentes bibliogr\u00e1ficas, hemerogr\u00e1ficas y bases de datos, adem\u00e1s de que el acervo f\u00edsico es una de las formas m\u00e1s accesibles para acceder al saber. Por ello, las facultades del \u00e1rea de la salud impulsan este ejercicio para acercar al estudiantado a las editoriales de la salud y cient\u00edfica.<br><\/p>\n\n\n\n<figure class=\"wp-block-image size-large\"><img decoding=\"async\" width=\"1024\" height=\"503\" src=\"https:\/\/elinformante.mx\/wp-content\/uploads\/2024\/08\/10uaemex-2-6-1024x503.jpg\" alt=\"\" class=\"wp-image-62316\" srcset=\"https:\/\/elinformante.mx\/wp-content\/uploads\/2024\/08\/10uaemex-2-6-1024x503.jpg 1024w, https:\/\/elinformante.mx\/wp-content\/uploads\/2024\/08\/10uaemex-2-6-300x147.jpg 300w, https:\/\/elinformante.mx\/wp-content\/uploads\/2024\/08\/10uaemex-2-6-768x377.jpg 768w, https:\/\/elinformante.mx\/wp-content\/uploads\/2024\/08\/10uaemex-2-6-580x285.jpg 580w, https:\/\/elinformante.mx\/wp-content\/uploads\/2024\/08\/10uaemex-2-6-860x422.jpg 860w, https:\/\/elinformante.mx\/wp-content\/uploads\/2024\/08\/10uaemex-2-6.jpg 1140w\" sizes=\"(max-width: 1024px) 100vw, 1024px\" \/><\/figure>\n\n\n\n<p>Por su parte, el director de Infraestructura Acad\u00e9mica de la secretar\u00eda de Docencia, Hugo Esquinca Farrera, mencion\u00f3 que durante esta segunda edici\u00f3n se tiene como objetivo brindar a las y los estudiantes los mejores contenidos en la biblioteca digital y complementarlos con los libros f\u00edsicos que pueden encontrar en esta Feria de Libro de la Salud.<br><\/p>\n\n\n\n<p>Dentro de las actividades, en la Facultad de Medicina se llevar\u00e1n a cabo conferencias, presentaciones de libros y actividades culturales relacionadas con las diversas \u00e1reas de la salud.<\/p>\n\n\n\n<p><\/p>\n","protected":false},"excerpt":{"rendered":"<p>El rector de la UAEM\u00e9x, Carlos Eduardo Barrera D\u00edaz, afirm\u00f3 que impulsar el aprendizaje en las \u00e1reas de la salud mejora la calidad de vida. Con el objetivo de favorecer la formaci\u00f3n acad\u00e9mica del estudiantado, el rector de la Universidad Aut\u00f3noma del Estado de M\u00e9xico (UAEM\u00e9x), Carlos Eduardo Barrera D\u00edaz, hizo entrega de material bibliogr\u00e1fico [&hellip;]<\/p>\n","protected":false},"author":1,"featured_media":62314,"comment_status":"closed","ping_status":"closed","sticky":false,"template":"","format":"standard","meta":{"footnotes":""},"categories":[30,36],"tags":[],"class_list":["post-62313","post","type-post","status-publish","format-standard","has-post-thumbnail","hentry","category-destacado","category-edomex"],"_links":{"self":[{"href":"https:\/\/elinformante.mx\/index.php?rest_route=\/wp\/v2\/posts\/62313","targetHints":{"allow":["GET"]}}],"collection":[{"href":"https:\/\/elinformante.mx\/index.php?rest_route=\/wp\/v2\/posts"}],"about":[{"href":"https:\/\/elinformante.mx\/index.php?rest_route=\/wp\/v2\/types\/post"}],"author":[{"embeddable":true,"href":"https:\/\/elinformante.mx\/index.php?rest_route=\/wp\/v2\/users\/1"}],"replies":[{"embeddable":true,"href":"https:\/\/elinformante.mx\/index.php?rest_route=%2Fwp%2Fv2%2Fcomments&post=62313"}],"version-history":[{"count":0,"href":"https:\/\/elinformante.mx\/index.php?rest_route=\/wp\/v2\/posts\/62313\/revisions"}],"wp:featuredmedia":[{"embeddable":true,"href":"https:\/\/elinformante.mx\/index.php?rest_route=\/wp\/v2\/media\/62314"}],"wp:attachment":[{"href":"https:\/\/elinformante.mx\/index.php?rest_route=%2Fwp%2Fv2%2Fmedia&parent=62313"}],"wp:term":[{"taxonomy":"category","embeddable":true,"href":"https:\/\/elinformante.mx\/index.php?rest_route=%2Fwp%2Fv2%2Fcategories&post=62313"},{"taxonomy":"post_tag","embeddable":true,"href":"https:\/\/elinformante.mx\/index.php?rest_route=%2Fwp%2Fv2%2Ftags&post=62313"}],"curies":[{"name":"wp","href":"https:\/\/api.w.org\/{rel}","templated":true}]}}