{"id":62318,"date":"2024-08-23T07:09:35","date_gmt":"2024-08-23T13:09:35","guid":{"rendered":"https:\/\/elinformante.mx\/?p=62318"},"modified":"2024-08-23T07:09:37","modified_gmt":"2024-08-23T13:09:37","slug":"semov-impulsa-la-electromovilidad-en-edomex","status":"publish","type":"post","link":"https:\/\/elinformante.mx\/?p=62318","title":{"rendered":"SEMOV impulsa la electromovilidad en Edom\u00e9x"},"content":{"rendered":"\n<blockquote class=\"wp-block-quote is-layout-flow wp-block-quote-is-layout-flow\">\n<p>Realiza Semov y el Departamento del Transporte de EU un taller, donde compartieron experiencias para la planeaci\u00f3n en infraestructura para veh\u00edculos el\u00e9ctricos.<\/p>\n<\/blockquote>\n\n\n\n<p>A fin de impulsar la electromovilidad y compartir experiencias en la instalaci\u00f3n de cargadores de veh\u00edculos el\u00e9ctricos, el Gobierno de la Maestra Delfina G\u00f3mez \u00c1lvarez, a trav\u00e9s de la Secretar\u00eda de Movilidad (Semov), en coordinaci\u00f3n con el Departamento del Transporte de Estados Unidos, realiz\u00f3 el \u201cTaller de Planificaci\u00f3n de Infraestructura para Veh\u00edculos Electr\u00f3nicos\u201d.<br><\/p>\n\n\n\n<p>Daniel Sibaja Gonz\u00e1lez, Secretario de Movilidad, destac\u00f3 que el Estado de M\u00e9xico tiene la oportunidad hist\u00f3rica para que, en alianza con los transportistas, se realicen los cambios para establecer un transporte p\u00fablico eficiente, seguro e intermodal.<br><\/p>\n\n\n\n<p>Mencion\u00f3 que el Gobierno de la Maestra Delfina G\u00f3mez \u00c1lvarez trabaja en coordinaci\u00f3n con el Departamento del Transporte y la Embajada de Estados Unidos para combatir el cambio clim\u00e1tico en la entidad.<br><\/p>\n\n\n\n<p>Uno de los objetivos del taller fue identificar los factores para elaborar un plan de cargadores para veh\u00edculos el\u00e9ctricos en el Estado de M\u00e9xico.<br><\/p>\n\n\n\n<figure class=\"wp-block-image size-large\"><img fetchpriority=\"high\" decoding=\"async\" width=\"1024\" height=\"503\" src=\"https:\/\/elinformante.mx\/wp-content\/uploads\/2024\/08\/7semov-1-1024x503.jpg\" alt=\"\" class=\"wp-image-62320\" srcset=\"https:\/\/elinformante.mx\/wp-content\/uploads\/2024\/08\/7semov-1-1024x503.jpg 1024w, https:\/\/elinformante.mx\/wp-content\/uploads\/2024\/08\/7semov-1-300x147.jpg 300w, https:\/\/elinformante.mx\/wp-content\/uploads\/2024\/08\/7semov-1-768x377.jpg 768w, https:\/\/elinformante.mx\/wp-content\/uploads\/2024\/08\/7semov-1-580x285.jpg 580w, https:\/\/elinformante.mx\/wp-content\/uploads\/2024\/08\/7semov-1-860x422.jpg 860w, https:\/\/elinformante.mx\/wp-content\/uploads\/2024\/08\/7semov-1.jpg 1140w\" sizes=\"(max-width: 1024px) 100vw, 1024px\" \/><\/figure>\n\n\n\n<p>En este sentido, resalt\u00f3 la coordinaci\u00f3n que debe existir entre los tres \u00f3rdenes de gobierno, establecer lineamientos de regulaci\u00f3n para los veh\u00edculos el\u00e9ctricos e implementar incentivos econ\u00f3micos que permitan al transporte p\u00fablico transitar hacia la electromovilidad.<br><\/p>\n\n\n\n<p>Asimismo, participaron representantes del sector privado, quienes presentaron aportaciones al marco normativo que deber\u00e1 desarrollarse para la implementaci\u00f3n de una red estatal de cargadores para veh\u00edculos el\u00e9ctricos, donde destac\u00f3 la participaci\u00f3n de Uber, DHL y Evergo, empresas l\u00edderes en el ramo de transporte privado y en gesti\u00f3n log\u00edstica.<br><\/p>\n\n\n\n<p>Por su parte, Ricardo Delgado, Subsecretario de Movilidad, destac\u00f3 que en coordinaci\u00f3n con los transportistas identificar\u00e1n las zonas con mayor demanda de cargadores el\u00e9ctricos para seguir trabajando en beneficio de los mexiquenses.<br><\/p>\n\n\n\n<p>En su oportunidad, Candi Dom\u00ednguez, Vocal del Instituto del Transporte, se\u00f1al\u00f3 la importancia de la coordinaci\u00f3n internacional y el fortalecimiento de capacidades al interior de la Semov para la construcci\u00f3n de pol\u00edticas p\u00fablicas de planeaci\u00f3n de la infraestructura para veh\u00edculos el\u00e9ctricos.<br><\/p>\n\n\n\n<p>En el evento estuvieron: H\u00e9ctor Romero, Subdirector de Estrategia Comercial de la Comisi\u00f3n Federal de Electricidad, Jesse Golland, Oficial para el Cambio Clim\u00e1tico de la Embajada de los Estados Unidos, Benjamin Smith, Director de Programas de Veh\u00edculos de Bajas y Cero Emisiones del Departamento de Transporte de la Ciudad de Nueva York; y personal de la Oficina conjunta de Energ\u00eda y Transportaci\u00f3n, del Departamento de Transporte de los Estados Unidos (DOT).<\/p>\n","protected":false},"excerpt":{"rendered":"<p>Realiza Semov y el Departamento del Transporte de EU un taller, donde compartieron experiencias para la planeaci\u00f3n en infraestructura para veh\u00edculos el\u00e9ctricos. A fin de impulsar la electromovilidad y compartir experiencias en la instalaci\u00f3n de cargadores de veh\u00edculos el\u00e9ctricos, el Gobierno de la Maestra Delfina G\u00f3mez \u00c1lvarez, a trav\u00e9s de la Secretar\u00eda de Movilidad (Semov), [&hellip;]<\/p>\n","protected":false},"author":1,"featured_media":62319,"comment_status":"closed","ping_status":"closed","sticky":false,"template":"","format":"standard","meta":{"footnotes":""},"categories":[30,36],"tags":[],"class_list":["post-62318","post","type-post","status-publish","format-standard","has-post-thumbnail","hentry","category-destacado","category-edomex"],"_links":{"self":[{"href":"https:\/\/elinformante.mx\/index.php?rest_route=\/wp\/v2\/posts\/62318","targetHints":{"allow":["GET"]}}],"collection":[{"href":"https:\/\/elinformante.mx\/index.php?rest_route=\/wp\/v2\/posts"}],"about":[{"href":"https:\/\/elinformante.mx\/index.php?rest_route=\/wp\/v2\/types\/post"}],"author":[{"embeddable":true,"href":"https:\/\/elinformante.mx\/index.php?rest_route=\/wp\/v2\/users\/1"}],"replies":[{"embeddable":true,"href":"https:\/\/elinformante.mx\/index.php?rest_route=%2Fwp%2Fv2%2Fcomments&post=62318"}],"version-history":[{"count":0,"href":"https:\/\/elinformante.mx\/index.php?rest_route=\/wp\/v2\/posts\/62318\/revisions"}],"wp:featuredmedia":[{"embeddable":true,"href":"https:\/\/elinformante.mx\/index.php?rest_route=\/wp\/v2\/media\/62319"}],"wp:attachment":[{"href":"https:\/\/elinformante.mx\/index.php?rest_route=%2Fwp%2Fv2%2Fmedia&parent=62318"}],"wp:term":[{"taxonomy":"category","embeddable":true,"href":"https:\/\/elinformante.mx\/index.php?rest_route=%2Fwp%2Fv2%2Fcategories&post=62318"},{"taxonomy":"post_tag","embeddable":true,"href":"https:\/\/elinformante.mx\/index.php?rest_route=%2Fwp%2Fv2%2Ftags&post=62318"}],"curies":[{"name":"wp","href":"https:\/\/api.w.org\/{rel}","templated":true}]}}