{"id":62322,"date":"2024-08-23T07:12:30","date_gmt":"2024-08-23T13:12:30","guid":{"rendered":"https:\/\/elinformante.mx\/?p=62322"},"modified":"2024-08-23T07:12:31","modified_gmt":"2024-08-23T13:12:31","slug":"trabajamos-todos-los-dias-para-el-bienestar-de-los-mexiquenses-delfina-gomez","status":"publish","type":"post","link":"https:\/\/elinformante.mx\/?p=62322","title":{"rendered":"Trabajamos todos los d\u00edas para el bienestar de los mexiquenses: Delfina G\u00f3mez"},"content":{"rendered":"\n<blockquote class=\"wp-block-quote is-layout-flow wp-block-quote-is-layout-flow\">\n<p>Agradeci\u00f3 a quienes integran esta Mesa porque muestra el gran equipo que se ha conformado para trabajar d\u00eda con d\u00eda por el bienestar y la seguridad de los mexiquenses.<\/p>\n<\/blockquote>\n\n\n\n<p>En la Mesa de Coordinaci\u00f3n para la Construcci\u00f3n de la Paz, la Gobernadora Delfina G\u00f3mez \u00c1lvarez destac\u00f3 la importancia del trabajo conjunto de los tres \u00f3rdenes de gobierno para combatir cualquier acto de corrupci\u00f3n, para garantizar justicia, legalidad y transparencia en todos los \u00e1mbitos, particularmente en el ejercicio p\u00fablico generando confianza y un ambiente de paz para las y los mexiquenses.<br><\/p>\n\n\n\n<figure class=\"wp-block-image size-large\"><img fetchpriority=\"high\" decoding=\"async\" width=\"1024\" height=\"503\" src=\"https:\/\/elinformante.mx\/wp-content\/uploads\/2024\/08\/7delfina-2-3-1024x503.jpg\" alt=\"\" class=\"wp-image-62324\" srcset=\"https:\/\/elinformante.mx\/wp-content\/uploads\/2024\/08\/7delfina-2-3-1024x503.jpg 1024w, https:\/\/elinformante.mx\/wp-content\/uploads\/2024\/08\/7delfina-2-3-300x147.jpg 300w, https:\/\/elinformante.mx\/wp-content\/uploads\/2024\/08\/7delfina-2-3-768x377.jpg 768w, https:\/\/elinformante.mx\/wp-content\/uploads\/2024\/08\/7delfina-2-3-580x285.jpg 580w, https:\/\/elinformante.mx\/wp-content\/uploads\/2024\/08\/7delfina-2-3-860x422.jpg 860w, https:\/\/elinformante.mx\/wp-content\/uploads\/2024\/08\/7delfina-2-3.jpg 1140w\" sizes=\"(max-width: 1024px) 100vw, 1024px\" \/><\/figure>\n\n\n\n<p>En la reuni\u00f3n se reiter\u00f3 la importancia de conjuntar esfuerzos entre autoridades federales, estatales y municipales para alcanzar un Estado de M\u00e9xico seguro, siempre en el marco de la legalidad, la transparencia y el combate contra la corrupci\u00f3n.<br><\/p>\n\n\n\n<p>Agradeci\u00f3 a quienes integran esta Mesa porque muestra el gran equipo que se ha conformado para trabajar d\u00eda con d\u00eda por el bienestar y la seguridad de los mexiquenses.<\/p>\n","protected":false},"excerpt":{"rendered":"<p>Agradeci\u00f3 a quienes integran esta Mesa porque muestra el gran equipo que se ha conformado para trabajar d\u00eda con d\u00eda por el bienestar y la seguridad de los mexiquenses. En la Mesa de Coordinaci\u00f3n para la Construcci\u00f3n de la Paz, la Gobernadora Delfina G\u00f3mez \u00c1lvarez destac\u00f3 la importancia del trabajo conjunto de los tres \u00f3rdenes [&hellip;]<\/p>\n","protected":false},"author":1,"featured_media":62323,"comment_status":"closed","ping_status":"closed","sticky":false,"template":"","format":"standard","meta":{"footnotes":""},"categories":[30,36],"tags":[],"class_list":["post-62322","post","type-post","status-publish","format-standard","has-post-thumbnail","hentry","category-destacado","category-edomex"],"_links":{"self":[{"href":"https:\/\/elinformante.mx\/index.php?rest_route=\/wp\/v2\/posts\/62322","targetHints":{"allow":["GET"]}}],"collection":[{"href":"https:\/\/elinformante.mx\/index.php?rest_route=\/wp\/v2\/posts"}],"about":[{"href":"https:\/\/elinformante.mx\/index.php?rest_route=\/wp\/v2\/types\/post"}],"author":[{"embeddable":true,"href":"https:\/\/elinformante.mx\/index.php?rest_route=\/wp\/v2\/users\/1"}],"replies":[{"embeddable":true,"href":"https:\/\/elinformante.mx\/index.php?rest_route=%2Fwp%2Fv2%2Fcomments&post=62322"}],"version-history":[{"count":0,"href":"https:\/\/elinformante.mx\/index.php?rest_route=\/wp\/v2\/posts\/62322\/revisions"}],"wp:featuredmedia":[{"embeddable":true,"href":"https:\/\/elinformante.mx\/index.php?rest_route=\/wp\/v2\/media\/62323"}],"wp:attachment":[{"href":"https:\/\/elinformante.mx\/index.php?rest_route=%2Fwp%2Fv2%2Fmedia&parent=62322"}],"wp:term":[{"taxonomy":"category","embeddable":true,"href":"https:\/\/elinformante.mx\/index.php?rest_route=%2Fwp%2Fv2%2Fcategories&post=62322"},{"taxonomy":"post_tag","embeddable":true,"href":"https:\/\/elinformante.mx\/index.php?rest_route=%2Fwp%2Fv2%2Ftags&post=62322"}],"curies":[{"name":"wp","href":"https:\/\/api.w.org\/{rel}","templated":true}]}}