{"id":62340,"date":"2024-08-23T07:22:02","date_gmt":"2024-08-23T13:22:02","guid":{"rendered":"https:\/\/elinformante.mx\/?p=62340"},"modified":"2024-08-23T07:22:04","modified_gmt":"2024-08-23T13:22:04","slug":"en-septiembre-se-inaugurara-el-cablebus-de-chapultepec","status":"publish","type":"post","link":"https:\/\/elinformante.mx\/?p=62340","title":{"rendered":"En septiembre se inaugurar\u00e1 el Cableb\u00fas de Chapultepec"},"content":{"rendered":"\n<blockquote class=\"wp-block-quote is-layout-flow wp-block-quote-is-layout-flow\">\n<p>As\u00ed lo adelant\u00f3 Clara Brugada, quien mencion\u00f3 que ser\u00e1 en la tercera semana de septiembre.<\/p>\n<\/blockquote>\n\n\n\n<p>Clara Brugada, jefa de Gobierno electa, junto a Alejandra Frausto Guerrero, actual secretaria de Cultura federal y pr\u00f3xima secretaria de Turismo de la CDMX, anunciaron que en la tercera semana de septiembre de 2024 abrir\u00e1 la l\u00ednea 3 del Cableb\u00fas, que circular\u00e1 en Chapultepec.<br><\/p>\n\n\n\n<p>\u201cEn poco tiempo se va a inaugurar el Cableb\u00fas de Chapultepec\u201d, afirm\u00f3 Clara Brugada, durante una asamblea en la alcald\u00eda Miguel Hidalgo, con motivo de su gira de agradecimiento.<br><\/p>\n\n\n\n<p>Frausto Guerrero record\u00f3 que la tercera l\u00ednea del Cableb\u00fas saldr\u00e1 de la estaci\u00f3n Los Pinos y recorrer\u00e1 seis estaciones hasta Santa Fe. El trayecto ser\u00e1 de 21 minutos y tendr\u00e1 un costo de siete pesos.<br><\/p>\n\n\n\n<figure class=\"wp-block-image size-large\"><img fetchpriority=\"high\" decoding=\"async\" width=\"1024\" height=\"503\" src=\"https:\/\/elinformante.mx\/wp-content\/uploads\/2024\/08\/6clara-2-1-1024x503.jpg\" alt=\"\" class=\"wp-image-62342\" srcset=\"https:\/\/elinformante.mx\/wp-content\/uploads\/2024\/08\/6clara-2-1-1024x503.jpg 1024w, https:\/\/elinformante.mx\/wp-content\/uploads\/2024\/08\/6clara-2-1-300x147.jpg 300w, https:\/\/elinformante.mx\/wp-content\/uploads\/2024\/08\/6clara-2-1-768x377.jpg 768w, https:\/\/elinformante.mx\/wp-content\/uploads\/2024\/08\/6clara-2-1-580x285.jpg 580w, https:\/\/elinformante.mx\/wp-content\/uploads\/2024\/08\/6clara-2-1-860x422.jpg 860w, https:\/\/elinformante.mx\/wp-content\/uploads\/2024\/08\/6clara-2-1.jpg 1140w\" sizes=\"(max-width: 1024px) 100vw, 1024px\" \/><\/figure>\n\n\n\n<p>Ser\u00e1 en el tercer semana de septiembre que se va a inaugurar la tercera l\u00ednea del Cableb\u00fas que es el de Chapultepec, dijo.<br><\/p>\n\n\n\n<p>Brugada Molina destac\u00f3 que adem\u00e1s del Cableb\u00fas, en Chapultepec se ech\u00f3 a andar un programa de rehabilitaci\u00f3n cultural en Los Pinos en donde se invirti\u00f3 m\u00e1s de 10 mil millones de pesos en este proyecto.<br><\/p>\n\n\n\n<p>En total son 866 hect\u00e1reas rehabilitadas en esta zona. La mandataria afirm\u00f3 que Chapultepec qued\u00f3 mejor que el Central Park de Nueva York.<br><\/p>\n\n\n\n<p>Y por primera vez, los pr\u00f3ximos del gabinete de Clara Brugada hablaron antes las vecinas y los vecinos del lugar.<\/p>\n","protected":false},"excerpt":{"rendered":"<p>As\u00ed lo adelant\u00f3 Clara Brugada, quien mencion\u00f3 que ser\u00e1 en la tercera semana de septiembre. Clara Brugada, jefa de Gobierno electa, junto a Alejandra Frausto Guerrero, actual secretaria de Cultura federal y pr\u00f3xima secretaria de Turismo de la CDMX, anunciaron que en la tercera semana de septiembre de 2024 abrir\u00e1 la l\u00ednea 3 del Cableb\u00fas, [&hellip;]<\/p>\n","protected":false},"author":1,"featured_media":62341,"comment_status":"closed","ping_status":"closed","sticky":false,"template":"","format":"standard","meta":{"footnotes":""},"categories":[35,30],"tags":[],"class_list":["post-62340","post","type-post","status-publish","format-standard","has-post-thumbnail","hentry","category-cdmx","category-destacado"],"_links":{"self":[{"href":"https:\/\/elinformante.mx\/index.php?rest_route=\/wp\/v2\/posts\/62340","targetHints":{"allow":["GET"]}}],"collection":[{"href":"https:\/\/elinformante.mx\/index.php?rest_route=\/wp\/v2\/posts"}],"about":[{"href":"https:\/\/elinformante.mx\/index.php?rest_route=\/wp\/v2\/types\/post"}],"author":[{"embeddable":true,"href":"https:\/\/elinformante.mx\/index.php?rest_route=\/wp\/v2\/users\/1"}],"replies":[{"embeddable":true,"href":"https:\/\/elinformante.mx\/index.php?rest_route=%2Fwp%2Fv2%2Fcomments&post=62340"}],"version-history":[{"count":0,"href":"https:\/\/elinformante.mx\/index.php?rest_route=\/wp\/v2\/posts\/62340\/revisions"}],"wp:featuredmedia":[{"embeddable":true,"href":"https:\/\/elinformante.mx\/index.php?rest_route=\/wp\/v2\/media\/62341"}],"wp:attachment":[{"href":"https:\/\/elinformante.mx\/index.php?rest_route=%2Fwp%2Fv2%2Fmedia&parent=62340"}],"wp:term":[{"taxonomy":"category","embeddable":true,"href":"https:\/\/elinformante.mx\/index.php?rest_route=%2Fwp%2Fv2%2Fcategories&post=62340"},{"taxonomy":"post_tag","embeddable":true,"href":"https:\/\/elinformante.mx\/index.php?rest_route=%2Fwp%2Fv2%2Ftags&post=62340"}],"curies":[{"name":"wp","href":"https:\/\/api.w.org\/{rel}","templated":true}]}}