{"id":62352,"date":"2024-08-23T07:32:23","date_gmt":"2024-08-23T13:32:23","guid":{"rendered":"https:\/\/elinformante.mx\/?p=62352"},"modified":"2024-08-23T07:32:24","modified_gmt":"2024-08-23T13:32:24","slug":"no-tendre-injerencia-en-la-eleccion-de-jueces-ministros-y-magistrados-sheinbaum","status":"publish","type":"post","link":"https:\/\/elinformante.mx\/?p=62352","title":{"rendered":"\u201cNo tendr\u00e9 injerencia en la elecci\u00f3n de jueces, ministros y magistrados\u201d: Sheinbaum"},"content":{"rendered":"\n<blockquote class=\"wp-block-quote is-layout-flow wp-block-quote-is-layout-flow\">\n<p>Afirm\u00f3 que no va a meter \u201cla mano\u201d en el nombramiento, esto gracias a la Reforma que se plante\u00f3 al Poder Judicial.<\/p>\n<\/blockquote>\n\n\n\n<p>La Presidenta electa de M\u00e9xico, Claudia Sheinbaum Pardo, reiter\u00f3 que con la elecci\u00f3n de jueces, magistrados y ministros, propuesta en la Reforma al Poder Judicial, quienes hacen cumplir las leyes ser\u00e1n perfiles experimentados y con gran autonom\u00eda, contrario a lo que se piensa en la oposici\u00f3n, quienes intentan hacer creer que con esta iniciativa de ley, este \u00f3rgano de gobierno perder\u00e1 independencia.<br><\/p>\n\n\n\n<p>\u201cA diferencia del pasado en donde el Presidente tiene mano en nombrar a sus ministros, la Presidenta ya no va a tener mano en nombrar a sus ministros, es un proceso muy transparente de revisi\u00f3n de curr\u00edculums, de revisi\u00f3n de razones por las cuales alguien quiere ser ministro o magistrado, juez y a partir de ah\u00ed de los finalistas, todav\u00eda hay un proceso adicional, para evitar que sea un dedazo de los amigos, conocidos de la Presidenta; ser\u00e1 una convocatoria abierta, esto es muy importante, porque parte de nuestros adversarios han estado diciendo que se va a perder autonom\u00eda del Poder Judicial, que la Presidenta va a nombrar ella a todos los que vienen, no, as\u00ed es ahora\u201d, explic\u00f3.<br><\/p>\n\n\n\n<p>Ante medios de comunicaci\u00f3n, enfatiz\u00f3 en la importancia de que las y los mexicanos conozcan el acuerdo de la Comisi\u00f3n de Puntos Constitucionales para la Reforma Judicial, en el que se dictamin\u00f3 el proceso a trav\u00e9s del cual se constituir\u00e1 la elecci\u00f3n de los ministros jueces y magistrados, el cual marca que:<br><\/p>\n\n\n\n<p>Mencion\u00f3 que cada poder integrar\u00e1 un Comit\u00e9 de Evaluaci\u00f3n conformado por cinco personas reconocidas en la actividad jur\u00eddica, que recibir\u00e1 los expedientes de las personas aspirantes, evaluar\u00e1 el cumplimiento de los requisitos constitucionales y legales e identificar\u00e1 a las personas mejor evaluadas que cuenten con los conocimientos t\u00e9cnicos necesarios para el desempe\u00f1o del cargo y se hayan distinguido por su honestidad, buena fama p\u00fablica, competencia y antecedentes acad\u00e9micos y profesionales en el ejercicio de la actividad jur\u00eddica.<br><\/p>\n\n\n\n<p>Tambi\u00e9n coment\u00f3 que los Comit\u00e9s de Evaluaci\u00f3n integrar\u00e1n un listado de las diez personas mejor evaluadas para cada cargo en los casos de Ministras y Ministros de la Suprema Corte de Justicia de la Naci\u00f3n, Magistradas y Magistrados de la Sala Superior y salas regionales del Tribunal Electoral e integrantes del Tribunal de Disciplina Judicial, y de las seis personas mejor evaluadas para cada cargo en los casos de Magistradas y Magistrados de Circuito y Juezas y Jueces de Distrito. Posteriormente, depurar\u00e1n dicho listado mediante insaculaci\u00f3n p\u00fablica.<br><\/p>\n\n\n\n<p>Al respecto, la Presidenta electa celebr\u00f3 que los perfiles que entrar\u00e1n en la contienda para ocupar alg\u00fan cargo dentro del Poder Judicial contar\u00e1n con la experiencia y la trayectoria para ejercer sus funciones como procuradores de justicia.<br><\/p>\n\n\n\n<p>Puntualiz\u00f3 que, esta selecci\u00f3n al realizarse de la mano del pueblo de M\u00e9xico, se convierte en un proceso nunca antes visto que busca transparentar y democratizar cada uno de los poderes de gobierno.<br><\/p>\n\n\n\n<p>La Presidenta electa tambi\u00e9n inform\u00f3 que de acuerdo con las bases publicadas en el Diario Oficial de la Federaci\u00f3n (DOF) ser\u00e1 en los pr\u00f3ximos d\u00edas cuando se instale de manera formal la Mesa de Coordinaci\u00f3n para la Transici\u00f3n, entre el Gobierno del Presidente Andr\u00e9s Manuel L\u00f3pez Obrador y el que ella encabezar\u00e1, la cual estar\u00e1 a cargo de la actual secretar\u00eda de Gobernaci\u00f3n Luisa Mar\u00eda Alcalde y la futura titular de este cargo Rosa Icela Rodr\u00edguez, adem\u00e1s de estar conformada por personas servidoras p\u00fablicas titulares de las dependencias y entidades de la Administraci\u00f3n P\u00fablica Federal en funciones.<\/p>\n","protected":false},"excerpt":{"rendered":"<p>Afirm\u00f3 que no va a meter \u201cla mano\u201d en el nombramiento, esto gracias a la Reforma que se plante\u00f3 al Poder Judicial. La Presidenta electa de M\u00e9xico, Claudia Sheinbaum Pardo, reiter\u00f3 que con la elecci\u00f3n de jueces, magistrados y ministros, propuesta en la Reforma al Poder Judicial, quienes hacen cumplir las leyes ser\u00e1n perfiles experimentados [&hellip;]<\/p>\n","protected":false},"author":1,"featured_media":62353,"comment_status":"closed","ping_status":"closed","sticky":false,"template":"","format":"standard","meta":{"footnotes":""},"categories":[34],"tags":[],"class_list":["post-62352","post","type-post","status-publish","format-standard","has-post-thumbnail","hentry","category-nacional"],"_links":{"self":[{"href":"https:\/\/elinformante.mx\/index.php?rest_route=\/wp\/v2\/posts\/62352","targetHints":{"allow":["GET"]}}],"collection":[{"href":"https:\/\/elinformante.mx\/index.php?rest_route=\/wp\/v2\/posts"}],"about":[{"href":"https:\/\/elinformante.mx\/index.php?rest_route=\/wp\/v2\/types\/post"}],"author":[{"embeddable":true,"href":"https:\/\/elinformante.mx\/index.php?rest_route=\/wp\/v2\/users\/1"}],"replies":[{"embeddable":true,"href":"https:\/\/elinformante.mx\/index.php?rest_route=%2Fwp%2Fv2%2Fcomments&post=62352"}],"version-history":[{"count":0,"href":"https:\/\/elinformante.mx\/index.php?rest_route=\/wp\/v2\/posts\/62352\/revisions"}],"wp:featuredmedia":[{"embeddable":true,"href":"https:\/\/elinformante.mx\/index.php?rest_route=\/wp\/v2\/media\/62353"}],"wp:attachment":[{"href":"https:\/\/elinformante.mx\/index.php?rest_route=%2Fwp%2Fv2%2Fmedia&parent=62352"}],"wp:term":[{"taxonomy":"category","embeddable":true,"href":"https:\/\/elinformante.mx\/index.php?rest_route=%2Fwp%2Fv2%2Fcategories&post=62352"},{"taxonomy":"post_tag","embeddable":true,"href":"https:\/\/elinformante.mx\/index.php?rest_route=%2Fwp%2Fv2%2Ftags&post=62352"}],"curies":[{"name":"wp","href":"https:\/\/api.w.org\/{rel}","templated":true}]}}