{"id":62358,"date":"2024-08-23T07:34:23","date_gmt":"2024-08-23T13:34:23","guid":{"rendered":"https:\/\/elinformante.mx\/?p=62358"},"modified":"2024-08-23T07:34:24","modified_gmt":"2024-08-23T13:34:24","slug":"se-llevo-a-cabo-en-nuevo-leon-la-feria-nacional-del-empleo-para-la-inclusion-laboral","status":"publish","type":"post","link":"https:\/\/elinformante.mx\/?p=62358","title":{"rendered":"Se llev\u00f3 a cabo en Nuevo Le\u00f3n la Feria Nacional del Empleo para la Inclusi\u00f3n Laboral"},"content":{"rendered":"\n<blockquote class=\"wp-block-quote is-layout-flow wp-block-quote-is-layout-flow\">\n<p>M\u00e1s de 50 empresas de la industria, comercio y servicios, atendieron a m\u00e1s de 1,200 solicitantes de empleo.<\/p>\n<\/blockquote>\n\n\n\n<p>Con el objetivo de promover la importancia de los j\u00f3venes en el mercado laboral y acercar oportunidades incluyentes a este sector, la Secretar\u00eda del Trabajo de Nuevo Le\u00f3n realiz\u00f3 la Feria Nacional del Empleo para la Inclusi\u00f3n Laboral, donde participaron 50 empresas que ofrecieron m\u00e1s de 3,500 vacantes de diferentes industrias.<br><\/p>\n\n\n\n<p>Esta Feria de Empleo se realiz\u00f3 en el marco del D\u00eda Internacional de la Juventud a trav\u00e9s de la Secretar\u00eda del Trabajo y el Servicio Nacional de Empleo, de la Secretar\u00eda del Trabajo y Previsi\u00f3n Social (STPS), en colaboraci\u00f3n con el municipio de Escobedo.<br><\/p>\n\n\n\n<p>El secretario del Trabajo de Nuevo Le\u00f3n, Federico Rojas, realiz\u00f3 un recorrido acompa\u00f1ado de funcionarios estatales y municipales, por las instalaciones del plantel del Instituto de Capacitaci\u00f3n y Educaci\u00f3n para el Trabajo (ICET) en el municipio de Escobedo.<br><\/p>\n\n\n\n<p>Durante su recorrido por los stands, el funcionario intercambi\u00f3 impresiones con m\u00e1s de 1,200 buscadores de empleo a quienes les coment\u00f3 que adem\u00e1s de las oportunidades en esta Feria, hay bolsa de empleo, capacitaci\u00f3n y certificaciones que la dependencia ofrece de manera permanente.<br><\/p>\n\n\n\n<p>La Secretar\u00eda del Trabajo no solo acerca estas oportunidades de empleo a las personas, sino tambi\u00e9n une esfuerzos con ICET y el sector empresarial para trabajar de forma conjunta y ofrecer capacitaci\u00f3n constante a la fuerza laboral con talleres, cursos y certificaciones para que actualicen sus conocimientos y puedan responder a los nuevos desaf\u00edos laborales\u201d, dijo Rojas Veloquio.<br><\/p>\n\n\n\n<p>Asegur\u00f3 que hubo una muy buena respuesta por parte de los solicitantes de empleo, expres\u00f3.<br><\/p>\n\n\n\n<p>Entre los puestos que se ofrecieron, est\u00e1n los de almacenista, asesor de ventas, auxiliar administrativo, auxiliar de calidad, ayudante de producci\u00f3n, cajeros, gerentes, ingenieros industriales, inspector de calidad, mantenimiento, soldador, t\u00e9cnicos de almac\u00e9n, electromec\u00e1nicos, en m\u00e1quinas y herramientas, entre otros.<\/p>\n","protected":false},"excerpt":{"rendered":"<p>M\u00e1s de 50 empresas de la industria, comercio y servicios, atendieron a m\u00e1s de 1,200 solicitantes de empleo. Con el objetivo de promover la importancia de los j\u00f3venes en el mercado laboral y acercar oportunidades incluyentes a este sector, la Secretar\u00eda del Trabajo de Nuevo Le\u00f3n realiz\u00f3 la Feria Nacional del Empleo para la Inclusi\u00f3n [&hellip;]<\/p>\n","protected":false},"author":1,"featured_media":62359,"comment_status":"closed","ping_status":"closed","sticky":false,"template":"","format":"standard","meta":{"footnotes":""},"categories":[34],"tags":[],"class_list":["post-62358","post","type-post","status-publish","format-standard","has-post-thumbnail","hentry","category-nacional"],"_links":{"self":[{"href":"https:\/\/elinformante.mx\/index.php?rest_route=\/wp\/v2\/posts\/62358","targetHints":{"allow":["GET"]}}],"collection":[{"href":"https:\/\/elinformante.mx\/index.php?rest_route=\/wp\/v2\/posts"}],"about":[{"href":"https:\/\/elinformante.mx\/index.php?rest_route=\/wp\/v2\/types\/post"}],"author":[{"embeddable":true,"href":"https:\/\/elinformante.mx\/index.php?rest_route=\/wp\/v2\/users\/1"}],"replies":[{"embeddable":true,"href":"https:\/\/elinformante.mx\/index.php?rest_route=%2Fwp%2Fv2%2Fcomments&post=62358"}],"version-history":[{"count":0,"href":"https:\/\/elinformante.mx\/index.php?rest_route=\/wp\/v2\/posts\/62358\/revisions"}],"wp:featuredmedia":[{"embeddable":true,"href":"https:\/\/elinformante.mx\/index.php?rest_route=\/wp\/v2\/media\/62359"}],"wp:attachment":[{"href":"https:\/\/elinformante.mx\/index.php?rest_route=%2Fwp%2Fv2%2Fmedia&parent=62358"}],"wp:term":[{"taxonomy":"category","embeddable":true,"href":"https:\/\/elinformante.mx\/index.php?rest_route=%2Fwp%2Fv2%2Fcategories&post=62358"},{"taxonomy":"post_tag","embeddable":true,"href":"https:\/\/elinformante.mx\/index.php?rest_route=%2Fwp%2Fv2%2Ftags&post=62358"}],"curies":[{"name":"wp","href":"https:\/\/api.w.org\/{rel}","templated":true}]}}