{"id":62372,"date":"2024-08-23T07:45:52","date_gmt":"2024-08-23T13:45:52","guid":{"rendered":"https:\/\/elinformante.mx\/?p=62372"},"modified":"2024-08-23T07:45:53","modified_gmt":"2024-08-23T13:45:53","slug":"trabajadores-en-paro-no-sufriran-ninguna-represalia-amlo","status":"publish","type":"post","link":"https:\/\/elinformante.mx\/?p=62372","title":{"rendered":"TRABAJADORES EN PARO NO SUFRIR\u00c1N NINGUNA REPRESALIA: AMLO"},"content":{"rendered":"\n<blockquote class=\"wp-block-quote is-layout-flow wp-block-quote-is-layout-flow\">\n<p>El presidente afirm\u00f3 que est\u00e1 a favor de que los trabajadores se manifiesten, no obstante, pidi\u00f3 que fueran autocr\u00edticos.<\/p>\n<\/blockquote>\n\n\n\n<p>El presidente Andr\u00e9s Manuel L\u00f3pez Obrador, garantiz\u00f3 que no habr\u00e1 represalias contra los trabajadores del Poder Judicial que se manifiesten contra su Reforma Judicial, la cual, propone elegir a los jueces por voto popular y que en estos \u00faltimos d\u00edas ha desatado un paro nacional por parte de este gremio.<br><\/p>\n\n\n\n<p>Asever\u00f3 que son mal infundados los cuestionamientos de los manifestantes al temor que se tiene en que se agreda o se tomen represalias por las protestas.<br><\/p>\n\n\n\n<figure class=\"wp-block-image size-large\"><img fetchpriority=\"high\" decoding=\"async\" width=\"1024\" height=\"503\" src=\"https:\/\/elinformante.mx\/wp-content\/uploads\/2024\/08\/9amlo-3-4-1024x503.jpg\" alt=\"\" class=\"wp-image-62374\" srcset=\"https:\/\/elinformante.mx\/wp-content\/uploads\/2024\/08\/9amlo-3-4-1024x503.jpg 1024w, https:\/\/elinformante.mx\/wp-content\/uploads\/2024\/08\/9amlo-3-4-300x147.jpg 300w, https:\/\/elinformante.mx\/wp-content\/uploads\/2024\/08\/9amlo-3-4-768x377.jpg 768w, https:\/\/elinformante.mx\/wp-content\/uploads\/2024\/08\/9amlo-3-4-580x285.jpg 580w, https:\/\/elinformante.mx\/wp-content\/uploads\/2024\/08\/9amlo-3-4-860x422.jpg 860w, https:\/\/elinformante.mx\/wp-content\/uploads\/2024\/08\/9amlo-3-4.jpg 1140w\" sizes=\"(max-width: 1024px) 100vw, 1024px\" \/><\/figure>\n\n\n\n<p>L\u00f3pez Obrador afirm\u00f3 que est\u00e1 a favor de que los trabajadores se manifiesten, sin embargo les pidi\u00f3 ser autocr\u00edticos, no caer en la autocomplacencia y no dejarse manipular, porque no existe nada en la iniciativa de reforma que les afecte.<br><\/p>\n\n\n\n<p>Rechaz\u00f3 un documento de la Secretar\u00eda de Hacienda y Cr\u00e9dito P\u00fablico (SHCP) que aparentemente alertaba el dejar de pagar sueldos a los trabajadores en huelga desde el mi\u00e9rcoles.<br><\/p>\n\n\n\n<figure class=\"wp-block-image size-large\"><img decoding=\"async\" width=\"1024\" height=\"503\" src=\"https:\/\/elinformante.mx\/wp-content\/uploads\/2024\/08\/9amlo-4-3-1024x503.jpg\" alt=\"\" class=\"wp-image-62375\" srcset=\"https:\/\/elinformante.mx\/wp-content\/uploads\/2024\/08\/9amlo-4-3-1024x503.jpg 1024w, https:\/\/elinformante.mx\/wp-content\/uploads\/2024\/08\/9amlo-4-3-300x147.jpg 300w, https:\/\/elinformante.mx\/wp-content\/uploads\/2024\/08\/9amlo-4-3-768x377.jpg 768w, https:\/\/elinformante.mx\/wp-content\/uploads\/2024\/08\/9amlo-4-3-580x285.jpg 580w, https:\/\/elinformante.mx\/wp-content\/uploads\/2024\/08\/9amlo-4-3-860x422.jpg 860w, https:\/\/elinformante.mx\/wp-content\/uploads\/2024\/08\/9amlo-4-3.jpg 1140w\" sizes=\"(max-width: 1024px) 100vw, 1024px\" \/><\/figure>\n\n\n\n<p>Se\u00f1al\u00f3 que M\u00e9xico es un pa\u00eds de libertades plenas y no hay represi\u00f3n.<br><\/p>\n\n\n\n<p>L\u00f3pez Obrador tambi\u00e9n defendi\u00f3 la propuesta de elegir a jueces, magistrados y ministros de la Suprema Corte mediante un proceso democr\u00e1tico, pues asegur\u00f3 que los actuales funcionarios del Poder Judicial no perder\u00e1n su derecho a ser candidatos en este nuevo esquema, que comenzar\u00eda en 2025.<br><\/p>\n\n\n\n<figure class=\"wp-block-image size-large\"><img decoding=\"async\" width=\"1024\" height=\"503\" src=\"https:\/\/elinformante.mx\/wp-content\/uploads\/2024\/08\/9amlo-5-2-1024x503.jpg\" alt=\"\" class=\"wp-image-62376\" srcset=\"https:\/\/elinformante.mx\/wp-content\/uploads\/2024\/08\/9amlo-5-2-1024x503.jpg 1024w, https:\/\/elinformante.mx\/wp-content\/uploads\/2024\/08\/9amlo-5-2-300x147.jpg 300w, https:\/\/elinformante.mx\/wp-content\/uploads\/2024\/08\/9amlo-5-2-768x377.jpg 768w, https:\/\/elinformante.mx\/wp-content\/uploads\/2024\/08\/9amlo-5-2-580x285.jpg 580w, https:\/\/elinformante.mx\/wp-content\/uploads\/2024\/08\/9amlo-5-2-860x422.jpg 860w, https:\/\/elinformante.mx\/wp-content\/uploads\/2024\/08\/9amlo-5-2.jpg 1140w\" sizes=\"(max-width: 1024px) 100vw, 1024px\" \/><\/figure>\n\n\n\n<p>\u201cEllos tienen pase directo para ser candidatos. Los nuevos que se inscriban, si son muchos, la comisi\u00f3n va a revisar si llenan los requisitos y, si son muchos, se va a elegir a un juez. Van a haber 200 solicitudes, se va a revisar si cumplen con los requisitos\u201c, explic\u00f3.<br><\/p>\n\n\n\n<p>La reforma asegurar\u00e1 la independencia del Poder Judicial y explic\u00f3 que pese al paro, no se puede detener el funcionamiento de este \u00f3rgano.<br><\/p>\n\n\n\n<figure class=\"wp-block-image size-large\"><img loading=\"lazy\" decoding=\"async\" width=\"1024\" height=\"503\" src=\"https:\/\/elinformante.mx\/wp-content\/uploads\/2024\/08\/9amlo-6-1-1024x503.jpg\" alt=\"\" class=\"wp-image-62377\" srcset=\"https:\/\/elinformante.mx\/wp-content\/uploads\/2024\/08\/9amlo-6-1-1024x503.jpg 1024w, https:\/\/elinformante.mx\/wp-content\/uploads\/2024\/08\/9amlo-6-1-300x147.jpg 300w, https:\/\/elinformante.mx\/wp-content\/uploads\/2024\/08\/9amlo-6-1-768x377.jpg 768w, https:\/\/elinformante.mx\/wp-content\/uploads\/2024\/08\/9amlo-6-1-580x285.jpg 580w, https:\/\/elinformante.mx\/wp-content\/uploads\/2024\/08\/9amlo-6-1-860x422.jpg 860w, https:\/\/elinformante.mx\/wp-content\/uploads\/2024\/08\/9amlo-6-1.jpg 1140w\" sizes=\"(max-width: 1024px) 100vw, 1024px\" \/><\/figure>\n\n\n\n<p>Los trabajadores judiciales est\u00e1n en contra de la reforma constitucional que el Congreso prev\u00e9 aprobar en septiembre, cuando el oficialismo controle dos tercios de los esca\u00f1os, porque argumentan que la elecci\u00f3n popular de jueces afectar\u00eda la carrera judicial y permitir\u00eda la intromisi\u00f3n de partidos y el crimen.<br><\/p>\n\n\n\n<p>El paro indefinido no incluye a la Suprema Corte ni al Tribunal Electoral, mientras que algunos juzgados atienden casos de emergencia.<\/p>\n\n\n\n<figure class=\"wp-block-image size-large\"><img loading=\"lazy\" decoding=\"async\" width=\"1024\" height=\"503\" src=\"https:\/\/elinformante.mx\/wp-content\/uploads\/2024\/08\/9amlo-7-1024x503.jpg\" alt=\"\" class=\"wp-image-62378\" srcset=\"https:\/\/elinformante.mx\/wp-content\/uploads\/2024\/08\/9amlo-7-1024x503.jpg 1024w, https:\/\/elinformante.mx\/wp-content\/uploads\/2024\/08\/9amlo-7-300x147.jpg 300w, https:\/\/elinformante.mx\/wp-content\/uploads\/2024\/08\/9amlo-7-768x377.jpg 768w, https:\/\/elinformante.mx\/wp-content\/uploads\/2024\/08\/9amlo-7-580x285.jpg 580w, https:\/\/elinformante.mx\/wp-content\/uploads\/2024\/08\/9amlo-7-860x422.jpg 860w, https:\/\/elinformante.mx\/wp-content\/uploads\/2024\/08\/9amlo-7.jpg 1140w\" sizes=\"(max-width: 1024px) 100vw, 1024px\" \/><\/figure>\n","protected":false},"excerpt":{"rendered":"<p>El presidente afirm\u00f3 que est\u00e1 a favor de que los trabajadores se manifiesten, no obstante, pidi\u00f3 que fueran autocr\u00edticos. El presidente Andr\u00e9s Manuel L\u00f3pez Obrador, garantiz\u00f3 que no habr\u00e1 represalias contra los trabajadores del Poder Judicial que se manifiesten contra su Reforma Judicial, la cual, propone elegir a los jueces por voto popular y que [&hellip;]<\/p>\n","protected":false},"author":1,"featured_media":62373,"comment_status":"closed","ping_status":"closed","sticky":false,"template":"","format":"standard","meta":{"footnotes":""},"categories":[30,34,31],"tags":[],"class_list":["post-62372","post","type-post","status-publish","format-standard","has-post-thumbnail","hentry","category-destacado","category-nacional","category-portada"],"_links":{"self":[{"href":"https:\/\/elinformante.mx\/index.php?rest_route=\/wp\/v2\/posts\/62372","targetHints":{"allow":["GET"]}}],"collection":[{"href":"https:\/\/elinformante.mx\/index.php?rest_route=\/wp\/v2\/posts"}],"about":[{"href":"https:\/\/elinformante.mx\/index.php?rest_route=\/wp\/v2\/types\/post"}],"author":[{"embeddable":true,"href":"https:\/\/elinformante.mx\/index.php?rest_route=\/wp\/v2\/users\/1"}],"replies":[{"embeddable":true,"href":"https:\/\/elinformante.mx\/index.php?rest_route=%2Fwp%2Fv2%2Fcomments&post=62372"}],"version-history":[{"count":0,"href":"https:\/\/elinformante.mx\/index.php?rest_route=\/wp\/v2\/posts\/62372\/revisions"}],"wp:featuredmedia":[{"embeddable":true,"href":"https:\/\/elinformante.mx\/index.php?rest_route=\/wp\/v2\/media\/62373"}],"wp:attachment":[{"href":"https:\/\/elinformante.mx\/index.php?rest_route=%2Fwp%2Fv2%2Fmedia&parent=62372"}],"wp:term":[{"taxonomy":"category","embeddable":true,"href":"https:\/\/elinformante.mx\/index.php?rest_route=%2Fwp%2Fv2%2Fcategories&post=62372"},{"taxonomy":"post_tag","embeddable":true,"href":"https:\/\/elinformante.mx\/index.php?rest_route=%2Fwp%2Fv2%2Ftags&post=62372"}],"curies":[{"name":"wp","href":"https:\/\/api.w.org\/{rel}","templated":true}]}}