{"id":62390,"date":"2024-08-26T06:20:45","date_gmt":"2024-08-26T12:20:45","guid":{"rendered":"https:\/\/elinformante.mx\/?p=62390"},"modified":"2024-08-26T06:20:47","modified_gmt":"2024-08-26T12:20:47","slug":"jackie-chan-sera-portador-de-la-llama-paralimpica-en-paris","status":"publish","type":"post","link":"https:\/\/elinformante.mx\/?p=62390","title":{"rendered":"Jackie Chan ser\u00e1 portador de la llama paral\u00edmpica en Par\u00eds"},"content":{"rendered":"\n<blockquote class=\"wp-block-quote is-layout-flow wp-block-quote-is-layout-flow\">\n<p>La llama fue encendida en Stoke Mandeville (Gran Breta\u00f1a), hist\u00f3rica cuna de los Juegos Paral\u00edmpicos.<\/p>\n<\/blockquote>\n\n\n\n<p>Jackie Chan, el legendario actor y artista marcial chino conocido por su destreza en el cine de acci\u00f3n, ha sido seleccionado para llevar la antorcha con la llama paral\u00edmpica el pr\u00f3ximo mi\u00e9rcoles, justo antes de la inauguraci\u00f3n oficial de los Juegos Paral\u00edmpicos de Par\u00eds 2024. Este evento marcar\u00e1 un momento significativo, no solo por la presencia de Chan, sino tambi\u00e9n por lo que representa para la comunidad paral\u00edmpica mundial.<br><\/p>\n\n\n\n<p>A sus 70 a\u00f1os, Jackie Chan sigue siendo un \u00edcono mundial, con una carrera impresionante que abarca m\u00e1s de 145 t\u00edtulos como actor, director, y productor. Conocido por su habilidad para combinar artes marciales con comedia en pel\u00edculas como \u201cDrunken Master\u201d y \u201cRush Hour\u201d.<br><\/p>\n\n\n\n<p>Chan ha sido una figura central en la promoci\u00f3n del cine de acci\u00f3n de Hong Kong a una audiencia global. Su participaci\u00f3n en este relevo no solo es un tributo a su trayectoria, sino tambi\u00e9n un reflejo de su compromiso con causas sociales y deportivas.<br><\/p>\n\n\n\n<p>Jackie Chan tomar\u00e1 su relevo a las 17:00 hora local en la calle Vieille du Temple de Par\u00eds, a unas horas de la ceremonia inaugural de los Juegos Paral\u00edmpicos, a las 18:00 GMT, que tendr\u00e1 lugar entre los Campos El\u00edseos y la Plaza de la Concordia.<br><\/p>\n\n\n\n<p>Chan, de 70 a\u00f1os y con 145 t\u00edtulos a sus espaldas como int\u00e9rprete, realizar\u00e1 un relevo en el centro de la capital, anunci\u00f3 el Comit\u00e9 Organizador.<br><\/p>\n\n\n\n<p>La llama paral\u00edmpica lleg\u00f3 el domingo a Francia por el t\u00fanel bajo el mar en el canal de la Mancha, portada por Emmanuelle Assmann, medallista en esgrima en silla de ruedas, y fue recibida a su llegada por la ministra francesa de Deportes y de los Juegos Am\u00e9lie Oud\u00e9a-Cast\u00e9ra.<br><\/p>\n\n\n\n<p>Los Juegos Paral\u00edmpicos de Par\u00eds 2024 prometen ser una celebraci\u00f3n \u00fanica de la diversidad y la excelencia atl\u00e9tica, destacando a atletas con discapacidades de todo el mundo que han superado adversidades para competir al m\u00e1s alto nivel. La elecci\u00f3n de Jackie Chan para este honor resalta no solo su influencia global, sino tambi\u00e9n su capacidad para inspirar a generaciones a trav\u00e9s de su arte y su activismo. Como embajador de buena voluntad de UNICEF y defensor de numerosas causas humanitarias, Chan encarna los valores de tenacidad y determinaci\u00f3n que los Juegos Paral\u00edmpicos buscan fomentar.<br><\/p>\n\n\n\n<p>La ceremonia de apertura, con la participaci\u00f3n de Chan, ser\u00e1 una de las m\u00e1s emotivas y esperadas, recordando al mundo que la verdadera fuerza reside en la capacidad de levantarse y seguir adelante, sin importar las circunstancias.<\/p>\n","protected":false},"excerpt":{"rendered":"<p>La llama fue encendida en Stoke Mandeville (Gran Breta\u00f1a), hist\u00f3rica cuna de los Juegos Paral\u00edmpicos. Jackie Chan, el legendario actor y artista marcial chino conocido por su destreza en el cine de acci\u00f3n, ha sido seleccionado para llevar la antorcha con la llama paral\u00edmpica el pr\u00f3ximo mi\u00e9rcoles, justo antes de la inauguraci\u00f3n oficial de los [&hellip;]<\/p>\n","protected":false},"author":1,"featured_media":62391,"comment_status":"closed","ping_status":"closed","sticky":false,"template":"","format":"standard","meta":{"footnotes":""},"categories":[30,39],"tags":[],"class_list":["post-62390","post","type-post","status-publish","format-standard","has-post-thumbnail","hentry","category-destacado","category-espectaculos"],"_links":{"self":[{"href":"https:\/\/elinformante.mx\/index.php?rest_route=\/wp\/v2\/posts\/62390","targetHints":{"allow":["GET"]}}],"collection":[{"href":"https:\/\/elinformante.mx\/index.php?rest_route=\/wp\/v2\/posts"}],"about":[{"href":"https:\/\/elinformante.mx\/index.php?rest_route=\/wp\/v2\/types\/post"}],"author":[{"embeddable":true,"href":"https:\/\/elinformante.mx\/index.php?rest_route=\/wp\/v2\/users\/1"}],"replies":[{"embeddable":true,"href":"https:\/\/elinformante.mx\/index.php?rest_route=%2Fwp%2Fv2%2Fcomments&post=62390"}],"version-history":[{"count":0,"href":"https:\/\/elinformante.mx\/index.php?rest_route=\/wp\/v2\/posts\/62390\/revisions"}],"wp:featuredmedia":[{"embeddable":true,"href":"https:\/\/elinformante.mx\/index.php?rest_route=\/wp\/v2\/media\/62391"}],"wp:attachment":[{"href":"https:\/\/elinformante.mx\/index.php?rest_route=%2Fwp%2Fv2%2Fmedia&parent=62390"}],"wp:term":[{"taxonomy":"category","embeddable":true,"href":"https:\/\/elinformante.mx\/index.php?rest_route=%2Fwp%2Fv2%2Fcategories&post=62390"},{"taxonomy":"post_tag","embeddable":true,"href":"https:\/\/elinformante.mx\/index.php?rest_route=%2Fwp%2Fv2%2Ftags&post=62390"}],"curies":[{"name":"wp","href":"https:\/\/api.w.org\/{rel}","templated":true}]}}