{"id":62408,"date":"2024-08-26T06:30:32","date_gmt":"2024-08-26T12:30:32","guid":{"rendered":"https:\/\/elinformante.mx\/?p=62408"},"modified":"2024-08-26T06:30:33","modified_gmt":"2024-08-26T12:30:33","slug":"vinculan-a-proceso-a-sujeto-por-intento-de-homicidio","status":"publish","type":"post","link":"https:\/\/elinformante.mx\/?p=62408","title":{"rendered":"Vinculan a proceso a sujeto por intento de homicidio"},"content":{"rendered":"\n<blockquote class=\"wp-block-quote is-layout-flow wp-block-quote-is-layout-flow\">\n<p>Fue detenido por elementos de la Polic\u00eda Municipal de Zumpango, luego de que habr\u00eda atacado con un objeto punzocortante a la v\u00edctima, ocasion\u00e1ndole lesiones.<\/p>\n<\/blockquote>\n\n\n\n<p>Un individuo identificado como Omar \u201cN\u201d de 34 a\u00f1os, fue vinculado a proceso, luego de que la FGJEM acredit\u00f3 su probable intervenci\u00f3n en el delito de feminicidio en grado de tentativa, ya que el pasado 10 de agosto habr\u00eda intentado privar de la vida a su pareja sentimental.<br><\/p>\n\n\n\n<p>Este sujeto fue detenido y presentado ante el Agente del Ministerio P\u00fablico, por elementos de la Direcci\u00f3n de Seguridad P\u00fablica y Tr\u00e1nsito Municipal de Zumpango, luego de que habr\u00eda atacado con un objeto punzocortante a la v\u00edctima en la colonia Bugambilia, en el municipio de Zumpango.<br><\/p>\n\n\n\n<p>Por esta agresi\u00f3n, la mujer de 35 a\u00f1os fue trasladada a un hospital de la zona para recibir atenci\u00f3n m\u00e9dica, en tanto que el probable implicado fue retenido por vecinos de la zona y posteriormente entregado a elementos de la Polic\u00eda Municipal.<br><\/p>\n\n\n\n<p>Omar \u201cN\u201d posteriormente fue ingresado al Centro Penitenciario y de Reinserci\u00f3n Social de la zona, a disposici\u00f3n de la Autoridad Judicial, quien despu\u00e9s de revisar los datos de prueba aportados por el Representante Social, determin\u00f3 iniciar un proceso legal en su contra, con plazo de un mes para el cierre de investigaci\u00f3n complementaria y medida cautelar de prisi\u00f3n preventiva justificada.<\/p>\n","protected":false},"excerpt":{"rendered":"<p>Fue detenido por elementos de la Polic\u00eda Municipal de Zumpango, luego de que habr\u00eda atacado con un objeto punzocortante a la v\u00edctima, ocasion\u00e1ndole lesiones. Un individuo identificado como Omar \u201cN\u201d de 34 a\u00f1os, fue vinculado a proceso, luego de que la FGJEM acredit\u00f3 su probable intervenci\u00f3n en el delito de feminicidio en grado de tentativa, [&hellip;]<\/p>\n","protected":false},"author":1,"featured_media":62409,"comment_status":"closed","ping_status":"closed","sticky":false,"template":"","format":"standard","meta":{"footnotes":""},"categories":[30,36,37],"tags":[],"class_list":["post-62408","post","type-post","status-publish","format-standard","has-post-thumbnail","hentry","category-destacado","category-edomex","category-justicia"],"_links":{"self":[{"href":"https:\/\/elinformante.mx\/index.php?rest_route=\/wp\/v2\/posts\/62408","targetHints":{"allow":["GET"]}}],"collection":[{"href":"https:\/\/elinformante.mx\/index.php?rest_route=\/wp\/v2\/posts"}],"about":[{"href":"https:\/\/elinformante.mx\/index.php?rest_route=\/wp\/v2\/types\/post"}],"author":[{"embeddable":true,"href":"https:\/\/elinformante.mx\/index.php?rest_route=\/wp\/v2\/users\/1"}],"replies":[{"embeddable":true,"href":"https:\/\/elinformante.mx\/index.php?rest_route=%2Fwp%2Fv2%2Fcomments&post=62408"}],"version-history":[{"count":0,"href":"https:\/\/elinformante.mx\/index.php?rest_route=\/wp\/v2\/posts\/62408\/revisions"}],"wp:featuredmedia":[{"embeddable":true,"href":"https:\/\/elinformante.mx\/index.php?rest_route=\/wp\/v2\/media\/62409"}],"wp:attachment":[{"href":"https:\/\/elinformante.mx\/index.php?rest_route=%2Fwp%2Fv2%2Fmedia&parent=62408"}],"wp:term":[{"taxonomy":"category","embeddable":true,"href":"https:\/\/elinformante.mx\/index.php?rest_route=%2Fwp%2Fv2%2Fcategories&post=62408"},{"taxonomy":"post_tag","embeddable":true,"href":"https:\/\/elinformante.mx\/index.php?rest_route=%2Fwp%2Fv2%2Ftags&post=62408"}],"curies":[{"name":"wp","href":"https:\/\/api.w.org\/{rel}","templated":true}]}}