{"id":62439,"date":"2024-08-26T07:07:54","date_gmt":"2024-08-26T13:07:54","guid":{"rendered":"https:\/\/elinformante.mx\/?p=62439"},"modified":"2024-08-26T07:07:55","modified_gmt":"2024-08-26T13:07:55","slug":"se-reunen-ssem-y-la-inl-de-estados-unidos-buscan-fortalecer-las-capacidades-de-la-dependencia","status":"publish","type":"post","link":"https:\/\/elinformante.mx\/?p=62439","title":{"rendered":"Se re\u00fanen SSEM y la INL de Estados Unidos; buscan fortalecer las capacidades de la dependencia"},"content":{"rendered":"\n<blockquote class=\"wp-block-quote is-layout-flow wp-block-quote-is-layout-flow\">\n<p>El titular de la SSEM indic\u00f3 que es prioritaria la profesionalizaci\u00f3n del personal de la SSEM mediante capacitaciones impartidas por la agencia estadounidense en el estado.<\/p>\n<\/blockquote>\n\n\n\n<p>Crist\u00f3bal Casta\u00f1eda Camarillo, titular de la Secretar\u00eda de Seguridad del Estado de M\u00e9xico (SSEM) sostuvo una reuni\u00f3n de una reuni\u00f3n de trabajo con representantes de la Oficina de Asuntos Internacionales de Narc\u00f3ticos y Aplicaci\u00f3n de la Ley del Departamento de Estado de los Estados Unidos (INL), esto como parte de las acciones implementadas para fortalecer la capacitaci\u00f3n efectiva del personal<br><\/p>\n\n\n\n<p>En la Sala del C5, Casta\u00f1eda Camarillo, indic\u00f3 que la intenci\u00f3n de la actual administraci\u00f3n es priorizar la profesionalizaci\u00f3n de las personas servidoras p\u00fablicas que integran a la dependencia a su cargo, particularmente en el \u00e1rea operativa, pues eso permite que realicen mejor su trabajo, y por consecuente se materializa en las acciones que se llevan a cabo en beneficio de la ciudadan\u00eda.<br><\/p>\n\n\n\n<figure class=\"wp-block-image size-large\"><img fetchpriority=\"high\" decoding=\"async\" width=\"1024\" height=\"503\" src=\"https:\/\/elinformante.mx\/wp-content\/uploads\/2024\/08\/7SE-REUNEN-3-1024x503.jpg\" alt=\"\" class=\"wp-image-62441\" srcset=\"https:\/\/elinformante.mx\/wp-content\/uploads\/2024\/08\/7SE-REUNEN-3-1024x503.jpg 1024w, https:\/\/elinformante.mx\/wp-content\/uploads\/2024\/08\/7SE-REUNEN-3-300x147.jpg 300w, https:\/\/elinformante.mx\/wp-content\/uploads\/2024\/08\/7SE-REUNEN-3-768x377.jpg 768w, https:\/\/elinformante.mx\/wp-content\/uploads\/2024\/08\/7SE-REUNEN-3-580x285.jpg 580w, https:\/\/elinformante.mx\/wp-content\/uploads\/2024\/08\/7SE-REUNEN-3-860x422.jpg 860w, https:\/\/elinformante.mx\/wp-content\/uploads\/2024\/08\/7SE-REUNEN-3.jpg 1140w\" sizes=\"(max-width: 1024px) 100vw, 1024px\" \/><\/figure>\n\n\n\n<p>Reiter\u00f3 que la instituci\u00f3n se encuentra en el mejor \u00e1nimo de seguir en colaboraci\u00f3n con la INL y a\u00f1adi\u00f3 que existe la disposici\u00f3n para establecer canales de comunicaci\u00f3n directos, con la intenci\u00f3n de generar la sinergia necesaria para llevar a cabo capacitaciones enfocadas en temas de seguridad, para lo que dispuso las instalaciones de la Universidad Mexiquense de Seguridad (UMS) y las dem\u00e1s instalaciones de la SSEM; destac\u00f3 que existe una pol\u00edtica de puertas abiertas.<br><\/p>\n\n\n\n<p>Michelle Azevedo, la titular de la secci\u00f3n de INL, refiri\u00f3 que actualmente trabajan en el combate de tr\u00e1fico de armas y junto con la Fiscal\u00eda General de la Rep\u00fablica (FGR) y los estados, incrementan las averiguaciones en el tema, con la finalidad de combatir este delito; a la vez, se\u00f1al\u00f3 que ya se trabaja con la polic\u00eda y el Sistema Penitenciario, con diferentes programas de investigaciones.<br><\/p>\n\n\n\n<p>El Subsecretario de la Polic\u00eda Estatal del Edomex, Carlos Alberto Hern\u00e1ndez Leyva, refiri\u00f3 que los desaf\u00edos que tiene la entidad son grandes y el compromiso de la SSEM es establecer las estrategias necesarias para brindar seguridad a la ciudadan\u00eda; hizo hincapi\u00e9 que una prioridad de este gobierno es el equipamiento, la dotaci\u00f3n de armas y uniformes, adem\u00e1s de que con ayuda de la tecnolog\u00eda se innova en el combate a la delincuencia y asegur\u00f3 se trabaja para eficientar las labores de inteligencia.<br><\/p>\n\n\n\n<figure class=\"wp-block-image size-large\"><img decoding=\"async\" width=\"1024\" height=\"503\" src=\"https:\/\/elinformante.mx\/wp-content\/uploads\/2024\/08\/7SE-REUNEN-2-1024x503.jpg\" alt=\"\" class=\"wp-image-62442\" srcset=\"https:\/\/elinformante.mx\/wp-content\/uploads\/2024\/08\/7SE-REUNEN-2-1024x503.jpg 1024w, https:\/\/elinformante.mx\/wp-content\/uploads\/2024\/08\/7SE-REUNEN-2-300x147.jpg 300w, https:\/\/elinformante.mx\/wp-content\/uploads\/2024\/08\/7SE-REUNEN-2-768x377.jpg 768w, https:\/\/elinformante.mx\/wp-content\/uploads\/2024\/08\/7SE-REUNEN-2-580x285.jpg 580w, https:\/\/elinformante.mx\/wp-content\/uploads\/2024\/08\/7SE-REUNEN-2-860x422.jpg 860w, https:\/\/elinformante.mx\/wp-content\/uploads\/2024\/08\/7SE-REUNEN-2.jpg 1140w\" sizes=\"(max-width: 1024px) 100vw, 1024px\" \/><\/figure>\n\n\n\n<p>Agreg\u00f3 que existe una conexi\u00f3n con las carreteras de Michoac\u00e1n, Guerrero, Morelos, Quer\u00e9taro e Hidalgo, mismas que confluyen con la Ciudad de M\u00e9xico (CDMX), lo que hace complejo el ataque a la delincuencia, pese a eso, se trabaja de manera coordinada con los tres \u00f3rdenes de gobierno para disminuir la incidencia delictiva. Finalmente, apunt\u00f3 que con el objetivo de mejorar la seguridad, se realizar\u00e1 una reestructuraci\u00f3n de la Polic\u00eda Estatal, con una reingenier\u00eda para combinar aspectos t\u00e1cticos, t\u00e9cnicos y operativos.<br><\/p>\n\n\n\n<p>Entre las capacitaciones abiertas para la SSEM se encuentran las enfocadas en: Eficiencia T\u00e1ctica; Asuntos Internos, que busca fortalecer el modelo de las unidades y darles el desarrollo profesional para pr\u00f3xima certificaci\u00f3n; Analistas de Seguridad P\u00fablica; Violencia de G\u00e9nero; Formaci\u00f3n de instructores cadetes y polic\u00edas en activo en materia de violencia de g\u00e9nero, proximidad y la valoraci\u00f3n de adiestramiento referente a armas hechizadas, entre otros.<br><\/p>\n\n\n\n<p>Cabe se\u00f1alar que por parte del INL se puso entre la mesa la posibilidad de hacer la donaci\u00f3n de equipo como c\u00e1maras corporales, y considerar lo ya existentes para que se otorguen nuevas herramientas compatibles que sumen a la infraestructura tecnol\u00f3gica de la dependencia.<\/p>\n","protected":false},"excerpt":{"rendered":"<p>El titular de la SSEM indic\u00f3 que es prioritaria la profesionalizaci\u00f3n del personal de la SSEM mediante capacitaciones impartidas por la agencia estadounidense en el estado. Crist\u00f3bal Casta\u00f1eda Camarillo, titular de la Secretar\u00eda de Seguridad del Estado de M\u00e9xico (SSEM) sostuvo una reuni\u00f3n de una reuni\u00f3n de trabajo con representantes de la Oficina de Asuntos [&hellip;]<\/p>\n","protected":false},"author":1,"featured_media":62440,"comment_status":"closed","ping_status":"closed","sticky":false,"template":"","format":"standard","meta":{"footnotes":""},"categories":[30,36],"tags":[],"class_list":["post-62439","post","type-post","status-publish","format-standard","has-post-thumbnail","hentry","category-destacado","category-edomex"],"_links":{"self":[{"href":"https:\/\/elinformante.mx\/index.php?rest_route=\/wp\/v2\/posts\/62439","targetHints":{"allow":["GET"]}}],"collection":[{"href":"https:\/\/elinformante.mx\/index.php?rest_route=\/wp\/v2\/posts"}],"about":[{"href":"https:\/\/elinformante.mx\/index.php?rest_route=\/wp\/v2\/types\/post"}],"author":[{"embeddable":true,"href":"https:\/\/elinformante.mx\/index.php?rest_route=\/wp\/v2\/users\/1"}],"replies":[{"embeddable":true,"href":"https:\/\/elinformante.mx\/index.php?rest_route=%2Fwp%2Fv2%2Fcomments&post=62439"}],"version-history":[{"count":0,"href":"https:\/\/elinformante.mx\/index.php?rest_route=\/wp\/v2\/posts\/62439\/revisions"}],"wp:featuredmedia":[{"embeddable":true,"href":"https:\/\/elinformante.mx\/index.php?rest_route=\/wp\/v2\/media\/62440"}],"wp:attachment":[{"href":"https:\/\/elinformante.mx\/index.php?rest_route=%2Fwp%2Fv2%2Fmedia&parent=62439"}],"wp:term":[{"taxonomy":"category","embeddable":true,"href":"https:\/\/elinformante.mx\/index.php?rest_route=%2Fwp%2Fv2%2Fcategories&post=62439"},{"taxonomy":"post_tag","embeddable":true,"href":"https:\/\/elinformante.mx\/index.php?rest_route=%2Fwp%2Fv2%2Ftags&post=62439"}],"curies":[{"name":"wp","href":"https:\/\/api.w.org\/{rel}","templated":true}]}}