{"id":62464,"date":"2024-08-26T07:28:31","date_gmt":"2024-08-26T13:28:31","guid":{"rendered":"https:\/\/elinformante.mx\/?p=62464"},"modified":"2024-08-26T07:28:34","modified_gmt":"2024-08-26T13:28:34","slug":"marti-batres-anuncia-concierto-gratuito-de-fito-paez-en-la-cdmx","status":"publish","type":"post","link":"https:\/\/elinformante.mx\/?p=62464","title":{"rendered":"Mart\u00ed Batres anuncia concierto gratuito de Fito P\u00e1ez en la CDMX"},"content":{"rendered":"\n<blockquote class=\"wp-block-quote is-layout-flow wp-block-quote-is-layout-flow\">\n<p>El concierto se realizar\u00e1 el pr\u00f3ximo 7 de septiembre en el Z\u00f3calo Capitalino de forma gratuita.<\/p>\n<\/blockquote>\n\n\n\n<p>El Jefe de Gobierno, Mart\u00ed Batres Guadarrama, anunci\u00f3 que el pr\u00f3ximo s\u00e1bado 7 de septiembre, a las 20:00 horas, se presentar\u00e1 de manera gratuita el cantautor argentino Fito P\u00e1ez, en el Z\u00f3calo de la Ciudad de M\u00e9xico, como parte del \u201cTour 2024 El amor despu\u00e9s del amor\u201d, con el fin de acercar el rock latinoamericano a la ciudadan\u00eda. Destac\u00f3 que Fito P\u00e1ez comenz\u00f3 su carrera musical en Rosario, Argentina, de donde es originario, con agrupaciones de folclore y de rock, hasta que en 1984 lanz\u00f3 su primer disco como solista titulado \u201cDel 63\u201d.<br><\/p>\n\n\n\n<figure class=\"wp-block-image size-large\"><img fetchpriority=\"high\" decoding=\"async\" width=\"1024\" height=\"503\" src=\"https:\/\/elinformante.mx\/wp-content\/uploads\/2024\/08\/5marti-2-3-1024x503.jpg\" alt=\"\" class=\"wp-image-62466\" srcset=\"https:\/\/elinformante.mx\/wp-content\/uploads\/2024\/08\/5marti-2-3-1024x503.jpg 1024w, https:\/\/elinformante.mx\/wp-content\/uploads\/2024\/08\/5marti-2-3-300x147.jpg 300w, https:\/\/elinformante.mx\/wp-content\/uploads\/2024\/08\/5marti-2-3-768x377.jpg 768w, https:\/\/elinformante.mx\/wp-content\/uploads\/2024\/08\/5marti-2-3-580x285.jpg 580w, https:\/\/elinformante.mx\/wp-content\/uploads\/2024\/08\/5marti-2-3-860x422.jpg 860w, https:\/\/elinformante.mx\/wp-content\/uploads\/2024\/08\/5marti-2-3.jpg 1140w\" sizes=\"(max-width: 1024px) 100vw, 1024px\" \/><\/figure>\n\n\n\n<p>El encargado de Despacho de la Secretar\u00eda de Cultura, Argel G\u00f3mez Concheiro, subray\u00f3 que a trav\u00e9s de este concierto masivo, el Gobierno de la Ciudad de M\u00e9xico refrenda su compromiso el libre acceso a las muy diversas manifestaciones art\u00edsticas, atendiendo a p\u00fablicos diversos que puedan disfrutar del espacio p\u00fablico<br><\/p>\n\n\n\n<p>Finalmente, record\u00f3 la influencia de Fito P\u00e1ez en el rock latinoamericano y la escena musical en M\u00e9xico. \u201cFito P\u00e1ez es un gran artista, tiene 28 \u00e1lbumes, tiene tambi\u00e9n la publicaci\u00f3n de tres novelas, ha sido guionista y director de dos pel\u00edculas, un artista muy completo, que adem\u00e1s ha sido muy reconocido, tiene nueve Grammys en su haber y un cari\u00f1o y un aprecio especial en M\u00e9xico\u201d, concluy\u00f3.<\/p>\n","protected":false},"excerpt":{"rendered":"<p>El concierto se realizar\u00e1 el pr\u00f3ximo 7 de septiembre en el Z\u00f3calo Capitalino de forma gratuita. El Jefe de Gobierno, Mart\u00ed Batres Guadarrama, anunci\u00f3 que el pr\u00f3ximo s\u00e1bado 7 de septiembre, a las 20:00 horas, se presentar\u00e1 de manera gratuita el cantautor argentino Fito P\u00e1ez, en el Z\u00f3calo de la Ciudad de M\u00e9xico, como parte [&hellip;]<\/p>\n","protected":false},"author":1,"featured_media":62465,"comment_status":"closed","ping_status":"closed","sticky":false,"template":"","format":"standard","meta":{"footnotes":""},"categories":[35,30],"tags":[],"class_list":["post-62464","post","type-post","status-publish","format-standard","has-post-thumbnail","hentry","category-cdmx","category-destacado"],"_links":{"self":[{"href":"https:\/\/elinformante.mx\/index.php?rest_route=\/wp\/v2\/posts\/62464","targetHints":{"allow":["GET"]}}],"collection":[{"href":"https:\/\/elinformante.mx\/index.php?rest_route=\/wp\/v2\/posts"}],"about":[{"href":"https:\/\/elinformante.mx\/index.php?rest_route=\/wp\/v2\/types\/post"}],"author":[{"embeddable":true,"href":"https:\/\/elinformante.mx\/index.php?rest_route=\/wp\/v2\/users\/1"}],"replies":[{"embeddable":true,"href":"https:\/\/elinformante.mx\/index.php?rest_route=%2Fwp%2Fv2%2Fcomments&post=62464"}],"version-history":[{"count":0,"href":"https:\/\/elinformante.mx\/index.php?rest_route=\/wp\/v2\/posts\/62464\/revisions"}],"wp:featuredmedia":[{"embeddable":true,"href":"https:\/\/elinformante.mx\/index.php?rest_route=\/wp\/v2\/media\/62465"}],"wp:attachment":[{"href":"https:\/\/elinformante.mx\/index.php?rest_route=%2Fwp%2Fv2%2Fmedia&parent=62464"}],"wp:term":[{"taxonomy":"category","embeddable":true,"href":"https:\/\/elinformante.mx\/index.php?rest_route=%2Fwp%2Fv2%2Fcategories&post=62464"},{"taxonomy":"post_tag","embeddable":true,"href":"https:\/\/elinformante.mx\/index.php?rest_route=%2Fwp%2Fv2%2Ftags&post=62464"}],"curies":[{"name":"wp","href":"https:\/\/api.w.org\/{rel}","templated":true}]}}