{"id":62468,"date":"2024-08-26T07:30:18","date_gmt":"2024-08-26T13:30:18","guid":{"rendered":"https:\/\/elinformante.mx\/?p=62468"},"modified":"2024-08-26T07:30:19","modified_gmt":"2024-08-26T13:30:19","slug":"se-realizan-marchas-en-todo-el-pais-en-defensa-del-poder-judicial","status":"publish","type":"post","link":"https:\/\/elinformante.mx\/?p=62468","title":{"rendered":"Se realizan marchas en todo el pa\u00eds en defensa del Poder Judicial"},"content":{"rendered":"\n<blockquote class=\"wp-block-quote is-layout-flow wp-block-quote-is-layout-flow\">\n<p>En la CDMX se concentraron cientos de personas en el Monumento a la Revoluci\u00f3n.<\/p>\n<\/blockquote>\n\n\n\n<p>Trabajadores del Poder Judicial y cr\u00edticos de la reforma salieron a las calles en defensa de la divisi\u00f3n de poderes y la carrera judicial.<br><\/p>\n\n\n\n<p>Uno de los principales reclamos apunta que la reforma del presidente Andr\u00e9s Manuel L\u00f3pez Obrador no busca solucionar los problemas del sistema judicial, sino afectar a un poder aut\u00f3nomo.<br><\/p>\n\n\n\n<p>En CDMX los manifestantes se concentraron en el Monumento a la Revoluci\u00f3n para despu\u00e9s marchar rumbo al Z\u00f3calo y terminando su protesta frente a la sede de la Suprema Corte.<br><\/p>\n\n\n\n<p>Fueron los empleados del Poder Judicial Federal quienes se manifestaron antes de que los legisladores puedan votar sobre la reforma judicial del pa\u00eds, incluida la transici\u00f3n a la elecci\u00f3n popular de jueces.<br><\/p>\n\n\n\n<p>La pol\u00e9mica reforma recibi\u00f3 100 modificaciones antes de oficializar el dictamen, pero no se atendieron las cr\u00edticas y preocupaciones sobre la afectaci\u00f3n al Poder Judicial.<br><\/p>\n\n\n\n<p>La Asociaci\u00f3n Nacional de Magistrados de Circuito y Jueces de Distrito del Poder Judicial de la Federaci\u00f3n (JUFED) inform\u00f3 sobre la creaci\u00f3n de un Comit\u00e9 de Di\u00e1logo para tomar decisiones ejecutivas y vinculantes durante el paro de labores y en cumplimiento de lo establecido en su \u201cDeclaratoria formal de suspensi\u00f3n de actividades en los \u00f3rganos jurisdiccionales del Poder Judicial de la Federaci\u00f3n\u201d.<br><\/p>\n\n\n\n<p>Este comit\u00e9 tiene como principal objetivo \u201csalvaguardar la autonom\u00eda y la independencia del Poder Judicial de la Federaci\u00f3n\u201d, por lo que actuar\u00e1 en nombre de todos sus integrantes durante el paro de labores y en cualquier posible negociaci\u00f3n que se emprenda para modificar la reforma judicial que prev\u00e9 la elecci\u00f3n de jueces y magistrados por voto popular.<br><\/p>\n\n\n\n<p>La JUFED explic\u00f3 en un comunicado que la selecci\u00f3n de estos miembros se realiz\u00f3 con base en su reconocida trayectoria y constante apoyo a la Asociaci\u00f3n, con el fin de defender la Independencia Judicial.<br><\/p>\n\n\n\n<p>El Comit\u00e9 estar\u00e1 integrado por:<br><\/p>\n\n\n\n<p>-Jueza Juana Fuentes Vel\u00e1zquez: Directora Nacional de JUFED y Jueza en el D\u00e9cimo Primer Tribunal Laboral Federal de Asuntos Individuales en la Ciudad de M\u00e9xico.<br><\/p>\n\n\n\n<p>-Magistrada Hortencia Mar\u00eda Emilia Molina de la Puente: Presidenta de la Asociaci\u00f3n Mexicana de Juzgadoras, A.C. y Magistrada del S\u00e9ptimo Tribunal Colegiado en Materia Civil del Primer Circuito.<br><\/p>\n\n\n\n<p>-Magistrada Rosa Elena Gonz\u00e1lez Tirado: Presidenta del Cap\u00edtulo M\u00e9xico de la Asociaci\u00f3n Internacional de Mujeres Juezas (IAWJ) y Magistrada del Pleno Regional en Materias Administrativa y Civil de la Regi\u00f3n Centro-Sur en la Ciudad de M\u00e9xico.<br><\/p>\n\n\n\n<p>-Magistrada Iliana Fabricia Contreras Perales: Directora Nacional de Organizaci\u00f3n en JUFED y Magistrada del Segundo Tribunal Colegiado en Materia Civil del Primer Circuito.<br><\/p>\n\n\n\n<p>-Magistrado Hugo Alejandro Berm\u00fadez Manrique: Coordinador del Comit\u00e9 Ejecutivo de Independencia Judicial de JUFED y Magistrado del Segundo Tribunal Colegiado de Circuito del Centro Auxiliar de la D\u00e9cima Regi\u00f3n en Saltillo.<br><\/p>\n\n\n\n<p>-Magistrado Miguel Bonilla L\u00f3pez: Miembro del Comit\u00e9 Acad\u00e9mico de la Escuela Federal de Formaci\u00f3n Judicial y Magistrado del Pleno Regional en Materias Penal y de Trabajo de la Regi\u00f3n Centro-Norte en la Ciudad de M\u00e9xico.<br><\/p>\n\n\n\n<p>-Magistrado Tarsicio Aguilera Troncoso: Director Nacional Jur\u00eddico de JUFED y Magistrado del D\u00e9cimo Cuarto Tribunal Colegiado en Materia de Trabajo del Primer Circuito.<\/p>\n","protected":false},"excerpt":{"rendered":"<p>En la CDMX se concentraron cientos de personas en el Monumento a la Revoluci\u00f3n. Trabajadores del Poder Judicial y cr\u00edticos de la reforma salieron a las calles en defensa de la divisi\u00f3n de poderes y la carrera judicial. Uno de los principales reclamos apunta que la reforma del presidente Andr\u00e9s Manuel L\u00f3pez Obrador no busca [&hellip;]<\/p>\n","protected":false},"author":1,"featured_media":62469,"comment_status":"closed","ping_status":"closed","sticky":false,"template":"","format":"standard","meta":{"footnotes":""},"categories":[34],"tags":[],"class_list":["post-62468","post","type-post","status-publish","format-standard","has-post-thumbnail","hentry","category-nacional"],"_links":{"self":[{"href":"https:\/\/elinformante.mx\/index.php?rest_route=\/wp\/v2\/posts\/62468","targetHints":{"allow":["GET"]}}],"collection":[{"href":"https:\/\/elinformante.mx\/index.php?rest_route=\/wp\/v2\/posts"}],"about":[{"href":"https:\/\/elinformante.mx\/index.php?rest_route=\/wp\/v2\/types\/post"}],"author":[{"embeddable":true,"href":"https:\/\/elinformante.mx\/index.php?rest_route=\/wp\/v2\/users\/1"}],"replies":[{"embeddable":true,"href":"https:\/\/elinformante.mx\/index.php?rest_route=%2Fwp%2Fv2%2Fcomments&post=62468"}],"version-history":[{"count":0,"href":"https:\/\/elinformante.mx\/index.php?rest_route=\/wp\/v2\/posts\/62468\/revisions"}],"wp:featuredmedia":[{"embeddable":true,"href":"https:\/\/elinformante.mx\/index.php?rest_route=\/wp\/v2\/media\/62469"}],"wp:attachment":[{"href":"https:\/\/elinformante.mx\/index.php?rest_route=%2Fwp%2Fv2%2Fmedia&parent=62468"}],"wp:term":[{"taxonomy":"category","embeddable":true,"href":"https:\/\/elinformante.mx\/index.php?rest_route=%2Fwp%2Fv2%2Fcategories&post=62468"},{"taxonomy":"post_tag","embeddable":true,"href":"https:\/\/elinformante.mx\/index.php?rest_route=%2Fwp%2Fv2%2Ftags&post=62468"}],"curies":[{"name":"wp","href":"https:\/\/api.w.org\/{rel}","templated":true}]}}