{"id":62477,"date":"2024-08-26T07:36:05","date_gmt":"2024-08-26T13:36:05","guid":{"rendered":"https:\/\/elinformante.mx\/?p=62477"},"modified":"2024-08-26T07:36:07","modified_gmt":"2024-08-26T13:36:07","slug":"recuerdan-padres-buscadores-en-puebla-a-sus-desaparecidos","status":"publish","type":"post","link":"https:\/\/elinformante.mx\/?p=62477","title":{"rendered":"Recuerdan padres buscadores en Puebla a sus desaparecidos"},"content":{"rendered":"\n<blockquote class=\"wp-block-quote is-layout-flow wp-block-quote-is-layout-flow\">\n<p>Los asistentes colocaron siluetas de madera en el Z\u00f3calo, recordando a las v\u00edctimas de desaparici\u00f3n o feminicidio.<\/p>\n<\/blockquote>\n\n\n\n<p>Padres y madres buscadoras honraron la memoria de sus hijas desaparecidas con la colocaci\u00f3n de siluetas de madera en la plaza principal de la capital de Puebla. Familiares, amigos y padres tomaron las siluetas y comenzaron a escribir los nombres de las personas desaparecidas, as\u00ed como frases, oraciones, la edad y fecha a la que desaparecieron.<br><\/p>\n\n\n\n<p>Con l\u00e1grimas en los ojos, los asistentes recordaron a sus v\u00edctimas de desaparici\u00f3n o feminicidio, dejaron todo el dolor en cada letra plasmada, alentadas por otras mujeres con el mismo dolor, con el objetivo de mantenerse fuertes y firmes en una lucha hasta el momento sin respuestas.<\/p>\n","protected":false},"excerpt":{"rendered":"<p>Los asistentes colocaron siluetas de madera en el Z\u00f3calo, recordando a las v\u00edctimas de desaparici\u00f3n o feminicidio. Padres y madres buscadoras honraron la memoria de sus hijas desaparecidas con la colocaci\u00f3n de siluetas de madera en la plaza principal de la capital de Puebla. Familiares, amigos y padres tomaron las siluetas y comenzaron a escribir [&hellip;]<\/p>\n","protected":false},"author":1,"featured_media":62478,"comment_status":"closed","ping_status":"closed","sticky":false,"template":"","format":"standard","meta":{"footnotes":""},"categories":[34],"tags":[],"class_list":["post-62477","post","type-post","status-publish","format-standard","has-post-thumbnail","hentry","category-nacional"],"_links":{"self":[{"href":"https:\/\/elinformante.mx\/index.php?rest_route=\/wp\/v2\/posts\/62477","targetHints":{"allow":["GET"]}}],"collection":[{"href":"https:\/\/elinformante.mx\/index.php?rest_route=\/wp\/v2\/posts"}],"about":[{"href":"https:\/\/elinformante.mx\/index.php?rest_route=\/wp\/v2\/types\/post"}],"author":[{"embeddable":true,"href":"https:\/\/elinformante.mx\/index.php?rest_route=\/wp\/v2\/users\/1"}],"replies":[{"embeddable":true,"href":"https:\/\/elinformante.mx\/index.php?rest_route=%2Fwp%2Fv2%2Fcomments&post=62477"}],"version-history":[{"count":0,"href":"https:\/\/elinformante.mx\/index.php?rest_route=\/wp\/v2\/posts\/62477\/revisions"}],"wp:featuredmedia":[{"embeddable":true,"href":"https:\/\/elinformante.mx\/index.php?rest_route=\/wp\/v2\/media\/62478"}],"wp:attachment":[{"href":"https:\/\/elinformante.mx\/index.php?rest_route=%2Fwp%2Fv2%2Fmedia&parent=62477"}],"wp:term":[{"taxonomy":"category","embeddable":true,"href":"https:\/\/elinformante.mx\/index.php?rest_route=%2Fwp%2Fv2%2Fcategories&post=62477"},{"taxonomy":"post_tag","embeddable":true,"href":"https:\/\/elinformante.mx\/index.php?rest_route=%2Fwp%2Fv2%2Ftags&post=62477"}],"curies":[{"name":"wp","href":"https:\/\/api.w.org\/{rel}","templated":true}]}}