{"id":62484,"date":"2024-08-26T07:46:49","date_gmt":"2024-08-26T13:46:49","guid":{"rendered":"https:\/\/elinformante.mx\/?p=62484"},"modified":"2024-08-26T07:46:50","modified_gmt":"2024-08-26T13:46:50","slug":"colectivos-por-la-paz-son-una-necesidad-para-poder-convivir","status":"publish","type":"post","link":"https:\/\/elinformante.mx\/?p=62484","title":{"rendered":"COLECTIVOS POR LA PAZ: \u00a1SON UNA NECESIDAD PARA PODER CONVIVIR!"},"content":{"rendered":"\n<blockquote class=\"wp-block-quote is-layout-flow wp-block-quote-is-layout-flow\">\n<p><strong>Por: V\u00edctor Corcoba Herrero<\/strong><\/p>\n<\/blockquote>\n\n\n\n<p>Hoy m\u00e1s que nunca se requieren gentes de paz, que aglutinen colectivos por la concordia, capaces de asegurar nuestro futuro com\u00fan, rompiendo el ciclo de violencia y reconstruyendo ambientes arm\u00f3nicos. Ser\u00e1 bueno, por ello, hacer frente a la desigualdad, la marginaci\u00f3n y la exclusi\u00f3n, fortaleciendo las alianzas, con la disponibilidad de m\u00e1s recursos para la prevenci\u00f3n y la consolidaci\u00f3n de los acuerdos, no separados de los deberes de rectitud, sino alimentados por el propio sacrificio; por la clemencia, en suma. Est\u00e1 visto que cuando la ciudadan\u00eda hace prop\u00f3sito de adentrarse en s\u00ed misma, compartiendo su estado de iluminaci\u00f3n innato, est\u00e1 contribuyendo sin darse cuenta a un mejor orden de la sociedad humana, acrecentando la autonom\u00eda y la comuni\u00f3n afectuosa.<br><\/p>\n\n\n\n<p>Lo que resulta preocupante es que el futuro de la inteligencia artificial contin\u00fae movi\u00e9ndose entre promesas y riesgos; o, que las inversiones en el desarrollo, la paz y la prevenci\u00f3n de conflictos, disminuyan constantemente mientras que el gasto militar aumenta en todo el planeta. Las Naciones Unidas conf\u00edan en que alg\u00fan d\u00eda desaparezcan de la faz de la Tierra los artefactos nucleares. Como esto no es as\u00ed, para desgracia de todos, nos queda reflejar el clamor de las diversas agrupaciones, empe\u00f1adas en trabajar juntas para desterrar cualquier mecanismo de destrucci\u00f3n, de una vez por todas de nuestro orbe. En consecuencia, la primera condici\u00f3n para este esp\u00edritu conciliador pasa por tener voluntad de lograrlo; destronando de nuestro horizonte aquello que nos envenena.<br><\/p>\n\n\n\n<p>De todos modos, el sosiego no llega si no se cultiva en la propia familia por medio del entendimiento. Nada puede mantenerse por la fuerza. Si queremos la calma en nuestras vidas, dejemos de fabricar armas, pongamos alma en todo lo que hacemos y en la mente una buena disposici\u00f3n a la benevolencia, la confianza y la justicia. Naturalmente, el desarme ha de volver al centro de nuestros esfuerzos diarios, abandonando cualquier forma de intolerancia y discriminaci\u00f3n; puesto que todos estamos llamados a tejer el poema de la reconciliaci\u00f3n, fomentando el lenguaje de la comprensi\u00f3n y la sem\u00e1ntica del raciocinio conjunto. En efecto, aunque a veces nos cueste admitirlo, la paz depende de cada cual, en su coraz\u00f3n se ubica el destino de lucha fraterna.<br><\/p>\n\n\n\n<p>Es cierto tambi\u00e9n que el po\u00e9tico orden, nada ordena y todo lo sirve obedeciendo a la norma justa y a la leg\u00edtima autoridad, pero tampoco permanecer\u00e1 extra\u00f1a a la conciencia del bien colectivo y a la libertad humana moral. Esto nos obligar\u00e1 a tener que hacer graves renuncias en ocasiones en favor del inter\u00e9s de los dem\u00e1s que, asociados a esa gente de bondad e incorporados a honestos colectivos, nos ayudar\u00e1n a socorrer a los desfavorecidos y a defender a los d\u00e9biles. El momento actual nos demanda evitar el abismo y a que actuemos de manera agrupada, no en vano nos hemos globalizado, para enfrentarnos al aluvi\u00f3n de amenazas continuas y persistentes. O caminamos todos juntos hacia el abrazo sincero, o jam\u00e1s nos reencontraremos hermanados.<br><\/p>\n\n\n\n<p>Resulta sorprendente que la humanidad todav\u00eda no sepa vivir arm\u00f3nicamente, que a\u00fan no hayamos aprendido el sencillo arte de vivir unidos, en parte porque no se educa para la convivencia. Solemos olvidar tambi\u00e9n, debido a esa crisis de confianza, que el objetivo central de nuestro sistema multilateral debe ser la paz, sin duda una situaci\u00f3n previa para el desarrollo sostenible y el disfrute de los derechos humanos. Los desaf\u00edos globales no se pueden resolver pa\u00eds por pa\u00eds, se requiere que la suma de talentos no se pierda por falta de oportunidades y que, adem\u00e1s, la buena voluntad perdure colectivamente. Nada se logra por s\u00ed mismo. Por eso, digo, que no hay que minusvalorar el poder del esp\u00edritu cooperante, ni una mirada que siembra caricias y mucho menos una sonrisa diaria.<\/p>\n","protected":false},"excerpt":{"rendered":"<p>Por: V\u00edctor Corcoba Herrero Hoy m\u00e1s que nunca se requieren gentes de paz, que aglutinen colectivos por la concordia, capaces de asegurar nuestro futuro com\u00fan, rompiendo el ciclo de violencia y reconstruyendo ambientes arm\u00f3nicos. Ser\u00e1 bueno, por ello, hacer frente a la desigualdad, la marginaci\u00f3n y la exclusi\u00f3n, fortaleciendo las alianzas, con la disponibilidad de [&hellip;]<\/p>\n","protected":false},"author":1,"featured_media":62485,"comment_status":"closed","ping_status":"closed","sticky":false,"template":"","format":"standard","meta":{"footnotes":""},"categories":[32],"tags":[],"class_list":["post-62484","post","type-post","status-publish","format-standard","has-post-thumbnail","hentry","category-editorial"],"_links":{"self":[{"href":"https:\/\/elinformante.mx\/index.php?rest_route=\/wp\/v2\/posts\/62484","targetHints":{"allow":["GET"]}}],"collection":[{"href":"https:\/\/elinformante.mx\/index.php?rest_route=\/wp\/v2\/posts"}],"about":[{"href":"https:\/\/elinformante.mx\/index.php?rest_route=\/wp\/v2\/types\/post"}],"author":[{"embeddable":true,"href":"https:\/\/elinformante.mx\/index.php?rest_route=\/wp\/v2\/users\/1"}],"replies":[{"embeddable":true,"href":"https:\/\/elinformante.mx\/index.php?rest_route=%2Fwp%2Fv2%2Fcomments&post=62484"}],"version-history":[{"count":0,"href":"https:\/\/elinformante.mx\/index.php?rest_route=\/wp\/v2\/posts\/62484\/revisions"}],"wp:featuredmedia":[{"embeddable":true,"href":"https:\/\/elinformante.mx\/index.php?rest_route=\/wp\/v2\/media\/62485"}],"wp:attachment":[{"href":"https:\/\/elinformante.mx\/index.php?rest_route=%2Fwp%2Fv2%2Fmedia&parent=62484"}],"wp:term":[{"taxonomy":"category","embeddable":true,"href":"https:\/\/elinformante.mx\/index.php?rest_route=%2Fwp%2Fv2%2Fcategories&post=62484"},{"taxonomy":"post_tag","embeddable":true,"href":"https:\/\/elinformante.mx\/index.php?rest_route=%2Fwp%2Fv2%2Ftags&post=62484"}],"curies":[{"name":"wp","href":"https:\/\/api.w.org\/{rel}","templated":true}]}}