{"id":62487,"date":"2024-08-26T07:48:44","date_gmt":"2024-08-26T13:48:44","guid":{"rendered":"https:\/\/elinformante.mx\/?p=62487"},"modified":"2024-08-26T07:48:45","modified_gmt":"2024-08-26T13:48:45","slug":"utiles-escolares-chinos-permiten-a-familias-vencer-la-inflacion-en-el-regreso-a-clases-comerciantes","status":"publish","type":"post","link":"https:\/\/elinformante.mx\/?p=62487","title":{"rendered":"\u00datiles escolares chinos permiten a familias vencer la inflaci\u00f3n en el regreso a clases: comerciantes"},"content":{"rendered":"\n<blockquote class=\"wp-block-quote is-layout-flow wp-block-quote-is-layout-flow\">\n<p>M\u00e9xico registr\u00f3 en julio la inflaci\u00f3n m\u00e1s alta en 14 meses, de un 5.57%, con el rubro de educaci\u00f3n como el tercero m\u00e1s encarecido (6.37%).<\/p>\n<\/blockquote>\n\n\n\n<p>Cientos de familias y comerciantes en M\u00e9xico buscan vencer la inflaci\u00f3n en los \u00fatiles escolares pese a los \u00edndices inflacionarios que registra el pa\u00eds en el \u00faltimo a\u00f1o, previos al arranque del curso educativo hoy lunes, cuando 24 millones de alumnos vuelven a clases.<br><\/p>\n\n\n\n<p>M\u00e9xico registr\u00f3 en julio la inflaci\u00f3n m\u00e1s alta en 14 meses, de un 5.57%, con el rubro de educaci\u00f3n como el tercero m\u00e1s encarecido (6.37%).<br><\/p>\n\n\n\n<p>Pero comerciantes papeleros afirman que existi\u00f3 una rebaja de entre 20 y 30% respecto al curso escolar anterior, gracias a la competencia.<br><\/p>\n\n\n\n<p>Aunque esto no se traduce en un aumento en las ventas para el sector papelero, la causa es la entrada al pa\u00eds de muchas marcas de origen chino, que han provocado que muchos clientes compren este producto, que si es m\u00e1s barato, pero no cumple con los est\u00e1ndares de calidad<br><\/p>\n\n\n\n<p>Muchos padres de familia se han quejado que los precios en los \u00fatiles aumentaron en este \u00faltimo mes alrededor de 40 a 50 pesos, provocando que tengan que comprar los productos chinos, porque son m\u00e1s \u201cbaratos\u201d. Sin bien el apoyo que muchos padres reciben con la tarjeta de gobierno les ha permitido comprar algunos materiales, todav\u00eda tienen que solventar al menos un 45% de ellos.<br><\/p>\n\n\n\n<p>Se refieren a \u2018Mi Beca para Empezar\u2018, un programa social implementado por el Gobierno de la Ciudad de M\u00e9xico para apoyar econ\u00f3micamente a los estudiantes de nivel b\u00e1sico (preescolar, primaria y secundaria) que asisten a escuelas p\u00fablicas.<\/p>\n","protected":false},"excerpt":{"rendered":"<p>M\u00e9xico registr\u00f3 en julio la inflaci\u00f3n m\u00e1s alta en 14 meses, de un 5.57%, con el rubro de educaci\u00f3n como el tercero m\u00e1s encarecido (6.37%). Cientos de familias y comerciantes en M\u00e9xico buscan vencer la inflaci\u00f3n en los \u00fatiles escolares pese a los \u00edndices inflacionarios que registra el pa\u00eds en el \u00faltimo a\u00f1o, previos al [&hellip;]<\/p>\n","protected":false},"author":1,"featured_media":62488,"comment_status":"closed","ping_status":"closed","sticky":false,"template":"","format":"standard","meta":{"footnotes":""},"categories":[30,34,31],"tags":[],"class_list":["post-62487","post","type-post","status-publish","format-standard","has-post-thumbnail","hentry","category-destacado","category-nacional","category-portada"],"_links":{"self":[{"href":"https:\/\/elinformante.mx\/index.php?rest_route=\/wp\/v2\/posts\/62487","targetHints":{"allow":["GET"]}}],"collection":[{"href":"https:\/\/elinformante.mx\/index.php?rest_route=\/wp\/v2\/posts"}],"about":[{"href":"https:\/\/elinformante.mx\/index.php?rest_route=\/wp\/v2\/types\/post"}],"author":[{"embeddable":true,"href":"https:\/\/elinformante.mx\/index.php?rest_route=\/wp\/v2\/users\/1"}],"replies":[{"embeddable":true,"href":"https:\/\/elinformante.mx\/index.php?rest_route=%2Fwp%2Fv2%2Fcomments&post=62487"}],"version-history":[{"count":0,"href":"https:\/\/elinformante.mx\/index.php?rest_route=\/wp\/v2\/posts\/62487\/revisions"}],"wp:featuredmedia":[{"embeddable":true,"href":"https:\/\/elinformante.mx\/index.php?rest_route=\/wp\/v2\/media\/62488"}],"wp:attachment":[{"href":"https:\/\/elinformante.mx\/index.php?rest_route=%2Fwp%2Fv2%2Fmedia&parent=62487"}],"wp:term":[{"taxonomy":"category","embeddable":true,"href":"https:\/\/elinformante.mx\/index.php?rest_route=%2Fwp%2Fv2%2Fcategories&post=62487"},{"taxonomy":"post_tag","embeddable":true,"href":"https:\/\/elinformante.mx\/index.php?rest_route=%2Fwp%2Fv2%2Ftags&post=62487"}],"curies":[{"name":"wp","href":"https:\/\/api.w.org\/{rel}","templated":true}]}}