{"id":62506,"date":"2024-08-27T06:34:52","date_gmt":"2024-08-27T12:34:52","guid":{"rendered":"https:\/\/elinformante.mx\/?p=62506"},"modified":"2024-08-27T06:34:53","modified_gmt":"2024-08-27T12:34:53","slug":"fallecen-la-mama-y-la-hermana-de-mariah-carey","status":"publish","type":"post","link":"https:\/\/elinformante.mx\/?p=62506","title":{"rendered":"Fallecen la mam\u00e1 y la hermana de Mariah Carey"},"content":{"rendered":"\n<blockquote class=\"wp-block-quote is-layout-flow wp-block-quote-is-layout-flow\">\n<p>La cantante pide respeto por el duelo que atraviesa, menciona que su coraz\u00f3n est\u00e1 roto.<\/p>\n<\/blockquote>\n\n\n\n<p>Mariah Carey dio a conocer que este fin de semana, falleci\u00f3 su madre Patricia y su hermana Alison, situaci\u00f3n que la tiene en una situaci\u00f3n muy sensible, por lo que pidi\u00f3 a los medios y a sus seguidores permitirle vivir su duelo en total discreci\u00f3n.<br><\/p>\n\n\n\n<p>Fue mediante la revista \u201cPeople\u201d que Mariah habl\u00f3 del deceso de Patricia y Alison. La cantante de 55 a\u00f1os expres\u00f3 que la primera en fallecer fue su madre y, m\u00e1s tarde, su hermana mayor tambi\u00e9n perdi\u00f3 la vida.<br><\/p>\n\n\n\n<p>\u201cMi coraz\u00f3n est\u00e1 roto por haber perdido a mi madre el fin de semana pasado, lamentablemente, en un tr\u00e1gico giro de los acontecimientos, mi hermana perdi\u00f3 la vida el mismo d\u00eda\u201d, confi\u00f3 a la revista.<br><\/p>\n\n\n\n<p>Sin embargo, la int\u00e9rprete de \u201cAll I want for Christmas is you\u201d no dio a conocer qu\u00e9 produjo la muerte de ambas.<br><\/p>\n\n\n\n<p>Aunque por sus declaraciones, podr\u00eda deducirse que su madre ya estaba previamente delicada de salud, pues ya ten\u00eda 87 a\u00f1os y se dijo agradecida por haber pasado con ella sus \u00faltimos d\u00edas.<br><\/p>\n\n\n\n<p>\u201cMe siento bendecida por haber podido pasar la \u00faltima semana con mi mam\u00e1 antes de que falleciera\u201d, ahond\u00f3.<br><\/p>\n\n\n\n<p>Carey pidi\u00f3 respeto por el duelo que est\u00e1 pasando, por lo que pidi\u00f3 que le dejaran vivir su duelo en completa privacidad.<br><\/p>\n\n\n\n<p>\u201cAgradezco el amor, el apoyo y el respeto de todos por mi privacidad durante este momento imposible\u201d.<br><\/p>\n\n\n\n<p>Patricia Hickey estuvo casada con el padre de Mariah, Alfred Roy Carey, hasta 1972, a\u00f1o en que la cantante ten\u00eda apenas tres a\u00f1os. Adem\u00e1s de a Mariah, la pareja tuvo a Alison y a Morgan.<br><\/p>\n\n\n\n<p>Fue mediante su autobiograf\u00eda \u201cThe meaning of Mariah Carey\u201d, publicada en 2020, que la soprano escribi\u00f3 acerca de la complicada relaci\u00f3n que sosten\u00eda con su madre que, a lo largo de toda su vida, fue de altos y bajos.<br><\/p>\n\n\n\n<p>\u201cMi relaci\u00f3n con mi madre ha estado llena de contradicciones y realidades encontradas, nunca ha sido solo blanco y negro, ha sido todo un arco iris de emociones\u201d, explic\u00f3.<br><\/p>\n\n\n\n<p>Sostuvo que a su madre la dominaron sentimientos hacia ellas relacionados con el orgullo, dolor, verg\u00fcenza, gratitud, celos, admiraci\u00f3n y decepci\u00f3n.<br><\/p>\n\n\n\n<p>Sin embargo, asegur\u00f3 que su amor por ella ser\u00eda eterno y, de hecho, dedic\u00f3 su obra a Patricia: \u201cTe amar\u00e9 lo mejor que pueda, siempre\u201d.<\/p>\n","protected":false},"excerpt":{"rendered":"<p>La cantante pide respeto por el duelo que atraviesa, menciona que su coraz\u00f3n est\u00e1 roto. Mariah Carey dio a conocer que este fin de semana, falleci\u00f3 su madre Patricia y su hermana Alison, situaci\u00f3n que la tiene en una situaci\u00f3n muy sensible, por lo que pidi\u00f3 a los medios y a sus seguidores permitirle vivir [&hellip;]<\/p>\n","protected":false},"author":1,"featured_media":62507,"comment_status":"closed","ping_status":"closed","sticky":false,"template":"","format":"standard","meta":{"footnotes":""},"categories":[30,39],"tags":[],"class_list":["post-62506","post","type-post","status-publish","format-standard","has-post-thumbnail","hentry","category-destacado","category-espectaculos"],"_links":{"self":[{"href":"https:\/\/elinformante.mx\/index.php?rest_route=\/wp\/v2\/posts\/62506","targetHints":{"allow":["GET"]}}],"collection":[{"href":"https:\/\/elinformante.mx\/index.php?rest_route=\/wp\/v2\/posts"}],"about":[{"href":"https:\/\/elinformante.mx\/index.php?rest_route=\/wp\/v2\/types\/post"}],"author":[{"embeddable":true,"href":"https:\/\/elinformante.mx\/index.php?rest_route=\/wp\/v2\/users\/1"}],"replies":[{"embeddable":true,"href":"https:\/\/elinformante.mx\/index.php?rest_route=%2Fwp%2Fv2%2Fcomments&post=62506"}],"version-history":[{"count":0,"href":"https:\/\/elinformante.mx\/index.php?rest_route=\/wp\/v2\/posts\/62506\/revisions"}],"wp:featuredmedia":[{"embeddable":true,"href":"https:\/\/elinformante.mx\/index.php?rest_route=\/wp\/v2\/media\/62507"}],"wp:attachment":[{"href":"https:\/\/elinformante.mx\/index.php?rest_route=%2Fwp%2Fv2%2Fmedia&parent=62506"}],"wp:term":[{"taxonomy":"category","embeddable":true,"href":"https:\/\/elinformante.mx\/index.php?rest_route=%2Fwp%2Fv2%2Fcategories&post=62506"},{"taxonomy":"post_tag","embeddable":true,"href":"https:\/\/elinformante.mx\/index.php?rest_route=%2Fwp%2Fv2%2Ftags&post=62506"}],"curies":[{"name":"wp","href":"https:\/\/api.w.org\/{rel}","templated":true}]}}