{"id":62509,"date":"2024-08-27T06:35:49","date_gmt":"2024-08-27T12:35:49","guid":{"rendered":"https:\/\/elinformante.mx\/?p=62509"},"modified":"2024-08-27T06:35:50","modified_gmt":"2024-08-27T12:35:50","slug":"fallece-sven-goran-eriksson-quien-fuera-dt-de-mexico","status":"publish","type":"post","link":"https:\/\/elinformante.mx\/?p=62509","title":{"rendered":"Fallece Sven-G\u00f6ran Eriksson, quien fuera DT de M\u00e9xico"},"content":{"rendered":"\n<blockquote class=\"wp-block-quote is-layout-flow wp-block-quote-is-layout-flow\">\n<p>El entrenador revel\u00f3 en enero pasado que padec\u00eda un c\u00e1ncer de p\u00e1ncreas incurable.<\/p>\n<\/blockquote>\n\n\n\n<p>El entrenador sueco de f\u00fatbol Sven-G\u00f6ran Eriksson, exseleccionador ingl\u00e9s, falleci\u00f3 a los 76 a\u00f1os tras una larga enfermedad, inform\u00f3 la cadena p\u00fablica Televisi\u00f3n de Suecia (SVT).<br><\/p>\n\n\n\n<p>Su agente Bo Gustavsson due el encargado de dar a conocer la noticia: \u201cAl final todo ha ido muy r\u00e1pido. Esta ma\u00f1ana falleci\u00f3 en su casa, rodeado por su familia\u201d.<br><\/p>\n\n\n\n<p>\u201cSvennis\u201c, como se le conoc\u00eda en su pa\u00eds, revel\u00f3 en enero pasado que padec\u00eda un c\u00e1ncer de p\u00e1ncreas incurable.<br><\/p>\n\n\n\n<p>Durante una entrevista \u00e9l mencion\u00f3 que el mejor de los casos, solo le quedaba un a\u00f1o de vida.<br><\/p>\n\n\n\n<figure class=\"wp-block-image size-large\"><img fetchpriority=\"high\" decoding=\"async\" width=\"1024\" height=\"503\" src=\"https:\/\/elinformante.mx\/wp-content\/uploads\/2024\/08\/14fallece-2-1024x503.jpg\" alt=\"\" class=\"wp-image-62511\" srcset=\"https:\/\/elinformante.mx\/wp-content\/uploads\/2024\/08\/14fallece-2-1024x503.jpg 1024w, https:\/\/elinformante.mx\/wp-content\/uploads\/2024\/08\/14fallece-2-300x147.jpg 300w, https:\/\/elinformante.mx\/wp-content\/uploads\/2024\/08\/14fallece-2-768x377.jpg 768w, https:\/\/elinformante.mx\/wp-content\/uploads\/2024\/08\/14fallece-2-580x285.jpg 580w, https:\/\/elinformante.mx\/wp-content\/uploads\/2024\/08\/14fallece-2-860x422.jpg 860w, https:\/\/elinformante.mx\/wp-content\/uploads\/2024\/08\/14fallece-2.jpg 1140w\" sizes=\"(max-width: 1024px) 100vw, 1024px\" \/><\/figure>\n\n\n\n<p>Eriksson hab\u00eda dejado el a\u00f1o pasado, su cargo como director deportivo del modesto club sueco Karlstad, aduciendo problemas de salud, esta fue la \u00faltima etapa de una larga y fruct\u00edfera trayectoria que empez\u00f3 a finales de la d\u00e9cada de los a\u00f1os 70 en su pa\u00eds de origen.<br><\/p>\n\n\n\n<p>Tras ganar la liga y una Copa de la UEFA con el Gotemburgo sueco, dio el salto al Benfica, con el que logr\u00f3 tres ligas y de ah\u00ed pas\u00f3 a Italia, donde desarroll\u00f3 la mayor parte de su carrera en clubes como el Roma, Fiorentina, Sampdoria y Lazio, con el que obtuvo una liga, varias copas y otra UEFA.<br><\/p>\n\n\n\n<p>Eriksson pas\u00f3 tambi\u00e9n por el f\u00fatbol ingl\u00e9s (Manchester City, Leicester) y fue el primer t\u00e9cnico no brit\u00e1nico que dirigi\u00f3 a la selecci\u00f3n inglesa. Tambi\u00e9n estuvo al frente de los conjuntos nacionales de M\u00e9xico, Costa de Marfil y Filipinas, adem\u00e1s de probar en las ligas china y tailandesa.<br><\/p>\n\n\n\n<p>Desde que hizo p\u00fablica su enfermedad, Eriksson recibi\u00f3 varios homenajes p\u00fablicos, tanto en su pa\u00eds como en otros donde hab\u00eda entrenado, tales como Reino Unido e Italia.<\/p>\n","protected":false},"excerpt":{"rendered":"<p>El entrenador revel\u00f3 en enero pasado que padec\u00eda un c\u00e1ncer de p\u00e1ncreas incurable. El entrenador sueco de f\u00fatbol Sven-G\u00f6ran Eriksson, exseleccionador ingl\u00e9s, falleci\u00f3 a los 76 a\u00f1os tras una larga enfermedad, inform\u00f3 la cadena p\u00fablica Televisi\u00f3n de Suecia (SVT). Su agente Bo Gustavsson due el encargado de dar a conocer la noticia: \u201cAl final todo [&hellip;]<\/p>\n","protected":false},"author":1,"featured_media":62510,"comment_status":"closed","ping_status":"closed","sticky":false,"template":"","format":"standard","meta":{"footnotes":""},"categories":[38],"tags":[],"class_list":["post-62509","post","type-post","status-publish","format-standard","has-post-thumbnail","hentry","category-deportes"],"_links":{"self":[{"href":"https:\/\/elinformante.mx\/index.php?rest_route=\/wp\/v2\/posts\/62509","targetHints":{"allow":["GET"]}}],"collection":[{"href":"https:\/\/elinformante.mx\/index.php?rest_route=\/wp\/v2\/posts"}],"about":[{"href":"https:\/\/elinformante.mx\/index.php?rest_route=\/wp\/v2\/types\/post"}],"author":[{"embeddable":true,"href":"https:\/\/elinformante.mx\/index.php?rest_route=\/wp\/v2\/users\/1"}],"replies":[{"embeddable":true,"href":"https:\/\/elinformante.mx\/index.php?rest_route=%2Fwp%2Fv2%2Fcomments&post=62509"}],"version-history":[{"count":0,"href":"https:\/\/elinformante.mx\/index.php?rest_route=\/wp\/v2\/posts\/62509\/revisions"}],"wp:featuredmedia":[{"embeddable":true,"href":"https:\/\/elinformante.mx\/index.php?rest_route=\/wp\/v2\/media\/62510"}],"wp:attachment":[{"href":"https:\/\/elinformante.mx\/index.php?rest_route=%2Fwp%2Fv2%2Fmedia&parent=62509"}],"wp:term":[{"taxonomy":"category","embeddable":true,"href":"https:\/\/elinformante.mx\/index.php?rest_route=%2Fwp%2Fv2%2Fcategories&post=62509"},{"taxonomy":"post_tag","embeddable":true,"href":"https:\/\/elinformante.mx\/index.php?rest_route=%2Fwp%2Fv2%2Ftags&post=62509"}],"curies":[{"name":"wp","href":"https:\/\/api.w.org\/{rel}","templated":true}]}}