{"id":62513,"date":"2024-08-27T06:36:39","date_gmt":"2024-08-27T12:36:39","guid":{"rendered":"https:\/\/elinformante.mx\/?p=62513"},"modified":"2024-08-27T06:36:40","modified_gmt":"2024-08-27T12:36:40","slug":"gianluigi-buffon-sera-homenajeado-por-la-uefa","status":"publish","type":"post","link":"https:\/\/elinformante.mx\/?p=62513","title":{"rendered":"Gianluigi Buffon ser\u00e1 homenajeado por la UEFA"},"content":{"rendered":"\n<blockquote class=\"wp-block-quote is-layout-flow wp-block-quote-is-layout-flow\">\n<p>Al exportero italiano le reconocer\u00e1n sus logros, la excelencia profesional y sus cualidades personales, as\u00ed lo asegur\u00f3 Aleksander Ceferin, presidente del organismo<\/p>\n<\/blockquote>\n\n\n\n<p>El exportero italiano Gianluigi Buffon ser\u00e1 homenajeado con el premio \u201cPremio Presidente de la UEFA 2024\u201d por sus logros, la excelencia profesional y las cualidades personales ejemplares, un galard\u00f3n que entrega personalmente el presidente de la UEFA, Aleksander Ceferin.<br><\/p>\n\n\n\n<p>El premio reconoce los logros m\u00e1s destacados, la excelencia profesional y las cualidades personales ejemplares de Buffon a lo largo de sus 28 a\u00f1os de carrera deportiva. Pocos porteros han permanecido en la cima del futbol durante tanto tiempo como el guardameta italiano.<br><\/p>\n\n\n\n<p>Con 176 partidos internacionales, Buffon es el portero con m\u00e1s internacionalidades de todos los tiempos, el jugador con m\u00e1s partidos en la historia de la selecci\u00f3n italiana y el cuarto jugador europeo con m\u00e1s internacionalidades de todos los tiempos.<br><\/p>\n\n\n\n<p>Adem\u00e1s, alcanz\u00f3 la cima de su carrera en 2006, donde desempe\u00f1\u00f3 un papel decisivo en la victoria de Italia en el Mundial de Alemania.<br><\/p>\n\n\n\n<p>Buffon tambi\u00e9n logr\u00f3 el r\u00e9cord de diez t\u00edtulos ganados de la Serie A. Adem\u00e1s, gan\u00f3 la Copa de la UEFA en 1999, seis Copas de Italia y una Ligue 1, todo ello en una carrera en la que jug\u00f3 en el Parma, la Juventus y el Paris Saint-Germain.<br><\/p>\n\n\n\n<p>A nivel individual, el portero italiano gan\u00f3 el Premio al Portero del A\u00f1o de la UEFA a los 39 a\u00f1os despu\u00e9s de que la Juventus alcanzara su segunda final de la Champions League en tres a\u00f1os. Buffon colg\u00f3 finalmente los guantes hace poco m\u00e1s de un a\u00f1o, poniendo fin a su carrera donde todo empez\u00f3 en noviembre de 1995 con el Parma.<br><\/p>\n\n\n\n<p>El premio se entregar\u00e1 a Buffon en la ceremonia del sorteo de la fase liga de 36 equipos de la UEFA Champions League 2024-25, que tendr\u00e1 lugar el jueves 29 de agosto en el Grimaldi Forum de M\u00f3naco.<br><\/p>\n\n\n\n<p>El presidente de la UEFA, Aleksander Ceferin afirm\u00f3 que Gianluigi Buffon es un jugador al que admira desde que surgi\u00f3 muy joven. \u201cM\u00e1s all\u00e1 de su imponente presencia bajo los palos, su longevidad y determinaci\u00f3n lo convierten en una inspiraci\u00f3n para los aficionados al futbol de todo el mundo\u201d, apunt\u00f3.<br><\/p>\n\n\n\n<p>El hecho de que eligiera seguir a su club a la Serie B durante su mejor \u00e9poca, a pesar de ser pretendido por los mejores clubes del mundo, lo dice todo.<br><\/p>\n\n\n\n<p>Buffon es tambi\u00e9n uno de los primeros deportistas en hablar abiertamente de la salud mental y la depresi\u00f3n, contribuyendo as\u00ed a aumentar la concienciaci\u00f3n sobre este problema en el deporte profesional, concluy\u00f3 el m\u00e1ximo mandatario del futbol europeo.<\/p>\n","protected":false},"excerpt":{"rendered":"<p>Al exportero italiano le reconocer\u00e1n sus logros, la excelencia profesional y sus cualidades personales, as\u00ed lo asegur\u00f3 Aleksander Ceferin, presidente del organismo El exportero italiano Gianluigi Buffon ser\u00e1 homenajeado con el premio \u201cPremio Presidente de la UEFA 2024\u201d por sus logros, la excelencia profesional y las cualidades personales ejemplares, un galard\u00f3n que entrega personalmente el [&hellip;]<\/p>\n","protected":false},"author":1,"featured_media":62514,"comment_status":"closed","ping_status":"closed","sticky":false,"template":"","format":"standard","meta":{"footnotes":""},"categories":[38,30],"tags":[],"class_list":["post-62513","post","type-post","status-publish","format-standard","has-post-thumbnail","hentry","category-deportes","category-destacado"],"_links":{"self":[{"href":"https:\/\/elinformante.mx\/index.php?rest_route=\/wp\/v2\/posts\/62513","targetHints":{"allow":["GET"]}}],"collection":[{"href":"https:\/\/elinformante.mx\/index.php?rest_route=\/wp\/v2\/posts"}],"about":[{"href":"https:\/\/elinformante.mx\/index.php?rest_route=\/wp\/v2\/types\/post"}],"author":[{"embeddable":true,"href":"https:\/\/elinformante.mx\/index.php?rest_route=\/wp\/v2\/users\/1"}],"replies":[{"embeddable":true,"href":"https:\/\/elinformante.mx\/index.php?rest_route=%2Fwp%2Fv2%2Fcomments&post=62513"}],"version-history":[{"count":0,"href":"https:\/\/elinformante.mx\/index.php?rest_route=\/wp\/v2\/posts\/62513\/revisions"}],"wp:featuredmedia":[{"embeddable":true,"href":"https:\/\/elinformante.mx\/index.php?rest_route=\/wp\/v2\/media\/62514"}],"wp:attachment":[{"href":"https:\/\/elinformante.mx\/index.php?rest_route=%2Fwp%2Fv2%2Fmedia&parent=62513"}],"wp:term":[{"taxonomy":"category","embeddable":true,"href":"https:\/\/elinformante.mx\/index.php?rest_route=%2Fwp%2Fv2%2Fcategories&post=62513"},{"taxonomy":"post_tag","embeddable":true,"href":"https:\/\/elinformante.mx\/index.php?rest_route=%2Fwp%2Fv2%2Ftags&post=62513"}],"curies":[{"name":"wp","href":"https:\/\/api.w.org\/{rel}","templated":true}]}}