{"id":62516,"date":"2024-08-27T06:40:19","date_gmt":"2024-08-27T12:40:19","guid":{"rendered":"https:\/\/elinformante.mx\/?p=62516"},"modified":"2024-08-27T06:40:20","modified_gmt":"2024-08-27T12:40:20","slug":"aprehenden-a-sujeto-implicado-en-el-homicidio-de-un-nino-en-el-oro","status":"publish","type":"post","link":"https:\/\/elinformante.mx\/?p=62516","title":{"rendered":"Aprehenden a sujeto implicado en el homicidio de un ni\u00f1o en El Oro"},"content":{"rendered":"\n<blockquote class=\"wp-block-quote is-layout-flow wp-block-quote-is-layout-flow\">\n<p>El probable implicado se\u00f1al\u00f3 que la v\u00edctima hab\u00eda ca\u00eddo de manera accidental a un barranco, no obstante, derivado de las indagatorias realizadas por la Fiscal\u00eda mexiquense se determin\u00f3 que habr\u00eda sido privado de la vida.<\/p>\n<\/blockquote>\n\n\n\n<p>Agentes FGJEM aprehendieron a Juan \u201cN\u201d, se\u00f1alado por su probable intervenci\u00f3n en el delito de homicidio calificado en agravio de un ni\u00f1o de 5 a\u00f1os, hijo de su pareja sentimental.<br><\/p>\n\n\n\n<p>El implicado tras ser aprehendido en esa regi\u00f3n de la entidad, fue ingresado al Centro Penitenciario y de Reinserci\u00f3n Social de El Oro, a disposici\u00f3n de la Autoridad Judicial, quien habr\u00e1 de determinar su situaci\u00f3n legal.<br><\/p>\n\n\n\n<p>Los hechos se registraron el pasado 20 de agosto en una vivienda de la colonia Santa Rosa de Guadalupe, de esta demarcaci\u00f3n, donde el menor de edad se encontraba al cuidado de este individuo, quien lo habr\u00eda agredido f\u00edsicamente, ocasion\u00e1ndole la muerte, posteriormente traslad\u00f3 a la v\u00edctima a un hospital de la zona, a donde ingres\u00f3 sin signos vitales. Juan \u201cN\u201d se\u00f1al\u00f3 que el menor de edad hab\u00eda ca\u00eddo de manera accidental a un barranco, no obstante, derivado de las indagatorias realizadas por la Fiscal\u00eda mexiquense se determin\u00f3 que habr\u00eda sido privado de la vida.<\/p>\n","protected":false},"excerpt":{"rendered":"<p>El probable implicado se\u00f1al\u00f3 que la v\u00edctima hab\u00eda ca\u00eddo de manera accidental a un barranco, no obstante, derivado de las indagatorias realizadas por la Fiscal\u00eda mexiquense se determin\u00f3 que habr\u00eda sido privado de la vida. Agentes FGJEM aprehendieron a Juan \u201cN\u201d, se\u00f1alado por su probable intervenci\u00f3n en el delito de homicidio calificado en agravio de [&hellip;]<\/p>\n","protected":false},"author":1,"featured_media":62517,"comment_status":"closed","ping_status":"closed","sticky":false,"template":"","format":"standard","meta":{"footnotes":""},"categories":[36,37],"tags":[],"class_list":["post-62516","post","type-post","status-publish","format-standard","has-post-thumbnail","hentry","category-edomex","category-justicia"],"_links":{"self":[{"href":"https:\/\/elinformante.mx\/index.php?rest_route=\/wp\/v2\/posts\/62516","targetHints":{"allow":["GET"]}}],"collection":[{"href":"https:\/\/elinformante.mx\/index.php?rest_route=\/wp\/v2\/posts"}],"about":[{"href":"https:\/\/elinformante.mx\/index.php?rest_route=\/wp\/v2\/types\/post"}],"author":[{"embeddable":true,"href":"https:\/\/elinformante.mx\/index.php?rest_route=\/wp\/v2\/users\/1"}],"replies":[{"embeddable":true,"href":"https:\/\/elinformante.mx\/index.php?rest_route=%2Fwp%2Fv2%2Fcomments&post=62516"}],"version-history":[{"count":0,"href":"https:\/\/elinformante.mx\/index.php?rest_route=\/wp\/v2\/posts\/62516\/revisions"}],"wp:featuredmedia":[{"embeddable":true,"href":"https:\/\/elinformante.mx\/index.php?rest_route=\/wp\/v2\/media\/62517"}],"wp:attachment":[{"href":"https:\/\/elinformante.mx\/index.php?rest_route=%2Fwp%2Fv2%2Fmedia&parent=62516"}],"wp:term":[{"taxonomy":"category","embeddable":true,"href":"https:\/\/elinformante.mx\/index.php?rest_route=%2Fwp%2Fv2%2Fcategories&post=62516"},{"taxonomy":"post_tag","embeddable":true,"href":"https:\/\/elinformante.mx\/index.php?rest_route=%2Fwp%2Fv2%2Ftags&post=62516"}],"curies":[{"name":"wp","href":"https:\/\/api.w.org\/{rel}","templated":true}]}}