{"id":62519,"date":"2024-08-27T06:41:42","date_gmt":"2024-08-27T12:41:42","guid":{"rendered":"https:\/\/elinformante.mx\/?p=62519"},"modified":"2024-08-27T06:41:43","modified_gmt":"2024-08-27T12:41:43","slug":"sujeto-fue-sentenciado-a-60-anos-de-prision-acusado-de-secuestro-expres","status":"publish","type":"post","link":"https:\/\/elinformante.mx\/?p=62519","title":{"rendered":"Sujeto fue sentenciado a 60 a\u00f1os de prisi\u00f3n acusado de secuestro expr\u00e9s"},"content":{"rendered":"\n<blockquote class=\"wp-block-quote is-layout-flow wp-block-quote-is-layout-flow\">\n<p>El 17 de agosto de 2023 priv\u00f3 de la libertad al conductor de un veh\u00edculo propiedad de una empresa de paqueter\u00eda, con la finalidad de despojarlo de dicha unidad automotora y la mercanc\u00eda que transportaba.<\/p>\n<\/blockquote>\n\n\n\n<p>Un individuo identificado como Jonathan Garc\u00eda Franco, fue sentenciado a 60 a\u00f1os de prisi\u00f3n, despu\u00e9s de que la Fiscal\u00eda General de Justicia del Estado de M\u00e9xico (FGJEM) acredit\u00f3 su intervenci\u00f3n en el delito de secuestro expr\u00e9s con fines de robo.<br><\/p>\n\n\n\n<p>La investigaci\u00f3n permiti\u00f3 recabar, aportar y exponer las pruebas necesarias para que la Autoridad Judicial emitiera esta sentencia de condena, adem\u00e1s le fij\u00f3 multa de 518 mil 700 pesos, as\u00ed como la suspensi\u00f3n de derechos pol\u00edticos y civiles.<br><\/p>\n\n\n\n<p>Jonathan Garc\u00eda Franco fue encontrado responsable de los hechos registrados el 17 de agosto del a\u00f1o 2023, en calles de la colonia Mirador Santa Rosa en el municipio de Cuautitl\u00e1n Izcalli, donde en complicidad con otro individuo, interceptaron al conductor de un veh\u00edculo marca Mercedes Benz, modelo Sprinter, propiedad de una empresa de paqueter\u00eda, a quien amenazaron con un arma de fuego para privarlo de la libertad.<br><\/p>\n\n\n\n<p>Luego de algunos minutos, la v\u00edctima fue dejada en libertad en un terreno bald\u00edo, lugar en donde el ahora sentenciado y otros individuos comenzaron a bajar la mercanc\u00eda consistente en paquetes que se encontraban al interior de la unidad robada. En ese sitio, elementos de la Secretar\u00eda de Seguridad del Estado de M\u00e9xico (SSEM), lograron la detenci\u00f3n del responsable, as\u00ed como la recuperaci\u00f3n del veh\u00edculo y la mercanc\u00eda.<br><\/p>\n\n\n\n<p>Jonathan Garc\u00eda Franco fue presentado ante el Agente del Ministerio P\u00fablico y luego ingresado al Centro Penitenciario y de Reinserci\u00f3n Social de la zona, a disposici\u00f3n de un Juez, quien tras proceso legal, le dict\u00f3 esta sentencia de condena.<\/p>\n","protected":false},"excerpt":{"rendered":"<p>El 17 de agosto de 2023 priv\u00f3 de la libertad al conductor de un veh\u00edculo propiedad de una empresa de paqueter\u00eda, con la finalidad de despojarlo de dicha unidad automotora y la mercanc\u00eda que transportaba. Un individuo identificado como Jonathan Garc\u00eda Franco, fue sentenciado a 60 a\u00f1os de prisi\u00f3n, despu\u00e9s de que la Fiscal\u00eda General [&hellip;]<\/p>\n","protected":false},"author":1,"featured_media":62520,"comment_status":"closed","ping_status":"closed","sticky":false,"template":"","format":"standard","meta":{"footnotes":""},"categories":[36,37],"tags":[],"class_list":["post-62519","post","type-post","status-publish","format-standard","has-post-thumbnail","hentry","category-edomex","category-justicia"],"_links":{"self":[{"href":"https:\/\/elinformante.mx\/index.php?rest_route=\/wp\/v2\/posts\/62519","targetHints":{"allow":["GET"]}}],"collection":[{"href":"https:\/\/elinformante.mx\/index.php?rest_route=\/wp\/v2\/posts"}],"about":[{"href":"https:\/\/elinformante.mx\/index.php?rest_route=\/wp\/v2\/types\/post"}],"author":[{"embeddable":true,"href":"https:\/\/elinformante.mx\/index.php?rest_route=\/wp\/v2\/users\/1"}],"replies":[{"embeddable":true,"href":"https:\/\/elinformante.mx\/index.php?rest_route=%2Fwp%2Fv2%2Fcomments&post=62519"}],"version-history":[{"count":0,"href":"https:\/\/elinformante.mx\/index.php?rest_route=\/wp\/v2\/posts\/62519\/revisions"}],"wp:featuredmedia":[{"embeddable":true,"href":"https:\/\/elinformante.mx\/index.php?rest_route=\/wp\/v2\/media\/62520"}],"wp:attachment":[{"href":"https:\/\/elinformante.mx\/index.php?rest_route=%2Fwp%2Fv2%2Fmedia&parent=62519"}],"wp:term":[{"taxonomy":"category","embeddable":true,"href":"https:\/\/elinformante.mx\/index.php?rest_route=%2Fwp%2Fv2%2Fcategories&post=62519"},{"taxonomy":"post_tag","embeddable":true,"href":"https:\/\/elinformante.mx\/index.php?rest_route=%2Fwp%2Fv2%2Ftags&post=62519"}],"curies":[{"name":"wp","href":"https:\/\/api.w.org\/{rel}","templated":true}]}}