{"id":62525,"date":"2024-08-27T06:46:31","date_gmt":"2024-08-27T12:46:31","guid":{"rendered":"https:\/\/elinformante.mx\/?p=62525"},"modified":"2024-08-27T06:46:31","modified_gmt":"2024-08-27T12:46:31","slug":"dio-inicio-en-zinacantepec-la-1er-feria-artesanal-y-gastronomica-de-pueblos-originales","status":"publish","type":"post","link":"https:\/\/elinformante.mx\/?p=62525","title":{"rendered":"Dio inicio en Zinacantepec la 1er Feria Artesanal y Gastron\u00f3mica de Pueblos Originales"},"content":{"rendered":"\n<blockquote class=\"wp-block-quote is-layout-flow wp-block-quote-is-layout-flow\">\n<p>El municipio de Zinacantepec cuenta con la presencia de tres pueblos originarios: Otom\u00ed, Mazahua y Tlahuica.<\/p>\n<\/blockquote>\n\n\n\n<p>Para empezar con los festejos del 204 aniversario del municipio de Zinacantepec, el presidente municipal, Manuel Vilchis Viveros, llev\u00f3 a cabo una ceremonia Otom\u00ed dedicada a la \u201cMadre Tierra\u201d, dando inicio oficialmente la Primera Feria Artesanal y Gastron\u00f3mica de Pueblos Originarios, que se llevar\u00e1 a cabo del 26 al 30 de agosto.<br><\/p>\n\n\n\n<p>El objetivo de esta feria es fortalecer las tradiciones ancestrales que han otorgado identidad y orgullo a la comunidad de Zinacantepec.<br><\/p>\n\n\n\n<p>Vilchis Viveros resalt\u00f3 su compromiso, de honrar el pasado y mejorar el futuro. Mencion\u00f3 la hist\u00f3rica inclusi\u00f3n de representantes de los pueblos Otom\u00ed y Mazahua en el ayuntamiento, quienes fueron electos por usos y costumbres, destacando as\u00ed la voluntad de ser un gobierno cercano e incluyente.<br><\/p>\n\n\n\n<figure class=\"wp-block-image size-large\"><img fetchpriority=\"high\" decoding=\"async\" width=\"1024\" height=\"503\" src=\"https:\/\/elinformante.mx\/wp-content\/uploads\/2024\/08\/11zina-8-1024x503.jpg\" alt=\"\" class=\"wp-image-62527\" srcset=\"https:\/\/elinformante.mx\/wp-content\/uploads\/2024\/08\/11zina-8-1024x503.jpg 1024w, https:\/\/elinformante.mx\/wp-content\/uploads\/2024\/08\/11zina-8-300x147.jpg 300w, https:\/\/elinformante.mx\/wp-content\/uploads\/2024\/08\/11zina-8-768x377.jpg 768w, https:\/\/elinformante.mx\/wp-content\/uploads\/2024\/08\/11zina-8-580x285.jpg 580w, https:\/\/elinformante.mx\/wp-content\/uploads\/2024\/08\/11zina-8-860x422.jpg 860w, https:\/\/elinformante.mx\/wp-content\/uploads\/2024\/08\/11zina-8.jpg 1140w\" sizes=\"(max-width: 1024px) 100vw, 1024px\" \/><\/figure>\n\n\n\n<p>El municipio de Zinacantepec cuenta con la presencia de tres pueblos originarios: Otom\u00ed, Mazahua y Tlahuica. Adem\u00e1s, se reconocen legalmente nueve comunidades ind\u00edgenas que se extienden desde Santa Mar\u00eda del Monte hasta San Juan de las Huertas, abarcando tambi\u00e9n San Antonio Acahualco y el Ejido de San Lorenzo Cuauhtenco. Estas comunidades preservan sus tradiciones a trav\u00e9s de la artesan\u00eda y la gastronom\u00eda.<br><\/p>\n\n\n\n<p>Durante la feria, se exhibir\u00e1n productos artesanales como bordados, cer\u00e1mica, joyer\u00eda, y alimentos t\u00edpicos, incluyendo huitlacoche, quelites, dulces tradicionales y bebidas fermentadas.<br><\/p>\n\n\n\n<p>La feria tiene como prop\u00f3sito reconocer y disfrutar de estos productos elaborados de manera artesanal, los cuales han sido conservados a lo largo de generaciones.<\/p>\n","protected":false},"excerpt":{"rendered":"<p>El municipio de Zinacantepec cuenta con la presencia de tres pueblos originarios: Otom\u00ed, Mazahua y Tlahuica. Para empezar con los festejos del 204 aniversario del municipio de Zinacantepec, el presidente municipal, Manuel Vilchis Viveros, llev\u00f3 a cabo una ceremonia Otom\u00ed dedicada a la \u201cMadre Tierra\u201d, dando inicio oficialmente la Primera Feria Artesanal y Gastron\u00f3mica de [&hellip;]<\/p>\n","protected":false},"author":1,"featured_media":62526,"comment_status":"closed","ping_status":"closed","sticky":false,"template":"","format":"standard","meta":{"footnotes":""},"categories":[36],"tags":[],"class_list":["post-62525","post","type-post","status-publish","format-standard","has-post-thumbnail","hentry","category-edomex"],"_links":{"self":[{"href":"https:\/\/elinformante.mx\/index.php?rest_route=\/wp\/v2\/posts\/62525","targetHints":{"allow":["GET"]}}],"collection":[{"href":"https:\/\/elinformante.mx\/index.php?rest_route=\/wp\/v2\/posts"}],"about":[{"href":"https:\/\/elinformante.mx\/index.php?rest_route=\/wp\/v2\/types\/post"}],"author":[{"embeddable":true,"href":"https:\/\/elinformante.mx\/index.php?rest_route=\/wp\/v2\/users\/1"}],"replies":[{"embeddable":true,"href":"https:\/\/elinformante.mx\/index.php?rest_route=%2Fwp%2Fv2%2Fcomments&post=62525"}],"version-history":[{"count":0,"href":"https:\/\/elinformante.mx\/index.php?rest_route=\/wp\/v2\/posts\/62525\/revisions"}],"wp:featuredmedia":[{"embeddable":true,"href":"https:\/\/elinformante.mx\/index.php?rest_route=\/wp\/v2\/media\/62526"}],"wp:attachment":[{"href":"https:\/\/elinformante.mx\/index.php?rest_route=%2Fwp%2Fv2%2Fmedia&parent=62525"}],"wp:term":[{"taxonomy":"category","embeddable":true,"href":"https:\/\/elinformante.mx\/index.php?rest_route=%2Fwp%2Fv2%2Fcategories&post=62525"},{"taxonomy":"post_tag","embeddable":true,"href":"https:\/\/elinformante.mx\/index.php?rest_route=%2Fwp%2Fv2%2Ftags&post=62525"}],"curies":[{"name":"wp","href":"https:\/\/api.w.org\/{rel}","templated":true}]}}