{"id":62529,"date":"2024-08-27T06:53:33","date_gmt":"2024-08-27T12:53:33","guid":{"rendered":"https:\/\/elinformante.mx\/?p=62529"},"modified":"2024-08-27T06:54:45","modified_gmt":"2024-08-27T12:54:45","slug":"festejan-en-san-mateo-atenco-a-los-adultos-mayores","status":"publish","type":"post","link":"https:\/\/elinformante.mx\/?p=62529","title":{"rendered":"Festejan en San Mateo Atenco a los adultos mayores"},"content":{"rendered":"\n<blockquote class=\"wp-block-quote is-layout-flow wp-block-quote-is-layout-flow\">\n<p>Mu\u00f1iz Neyra afirm\u00f3 que se les seguir\u00e1 apoyando en la obtenci\u00f3n de lentes, de aparatos funcionales y auditivos.<\/p>\n<\/blockquote>\n\n\n\n<p>En el municipio de San Mateo Atenco se llev\u00f3 a cabo la celebraci\u00f3n del d\u00eda del adulto mayor, fue la presidenta Ana Mu\u00f1iz Neyra la encargada de felicitar a los adultos y adultas mayores del municipio.<br><\/p>\n\n\n\n<p>\u201cCon mucha emoci\u00f3n, hoy celebramos a nuestras personas adultas mayores; mujeres y hombres que contin\u00faan escribiendo la historia de nuestro municipio y que todos los d\u00edas nos regalan su experiencia y amor. Por ellos seguiremos Trabajando y cumpliendo con todo el coraz\u00f3n para proteger sus derechos y procurar que vivan una vida digna\u201d<br><\/p>\n\n\n\n<p>Afirm\u00f3 que se seguir\u00e1 trabajando para brindarles una mejor atenci\u00f3n m\u00e9dica, jur\u00eddica y psicol\u00f3gica; adem\u00e1s de buscar la continuidad de los servicios de calidad en las cinco Casas de D\u00eda, Mu\u00f1iz Neyra afirm\u00f3 que pronto se ampliaran a 10 casas.<br><\/p>\n\n\n\n<figure class=\"wp-block-image size-large\"><img fetchpriority=\"high\" decoding=\"async\" width=\"1024\" height=\"503\" src=\"https:\/\/elinformante.mx\/wp-content\/uploads\/2024\/08\/11san-mateo-2-4-1024x503.jpg\" alt=\"\" class=\"wp-image-62531\" srcset=\"https:\/\/elinformante.mx\/wp-content\/uploads\/2024\/08\/11san-mateo-2-4-1024x503.jpg 1024w, https:\/\/elinformante.mx\/wp-content\/uploads\/2024\/08\/11san-mateo-2-4-300x147.jpg 300w, https:\/\/elinformante.mx\/wp-content\/uploads\/2024\/08\/11san-mateo-2-4-768x377.jpg 768w, https:\/\/elinformante.mx\/wp-content\/uploads\/2024\/08\/11san-mateo-2-4-580x285.jpg 580w, https:\/\/elinformante.mx\/wp-content\/uploads\/2024\/08\/11san-mateo-2-4-860x422.jpg 860w, https:\/\/elinformante.mx\/wp-content\/uploads\/2024\/08\/11san-mateo-2-4.jpg 1140w\" sizes=\"(max-width: 1024px) 100vw, 1024px\" \/><\/figure>\n\n\n\n<p>Adem\u00e1s de reiterarles a los adultos mayores que en el Centro de Rehabilitaci\u00f3n e Integraci\u00f3n Social (CRIS) se siguen brindando paseos recreativos, clubes de m\u00fasica, danza, canto, manualidades, yoga, activaci\u00f3n f\u00edsica y estimulaci\u00f3n cognitiva.<br><\/p>\n\n\n\n<p>Mu\u00f1iz Neyra afirm\u00f3 que se les seguir\u00e1 apoy\u00e1ndolos en la obtenci\u00f3n de lentes y de aparatos funcionales y auditivos.<br><\/p>\n\n\n\n<p>Agradeci\u00f3 al Presidente Honorario \u00d3scar Mu\u00f1iz, y al DIF San Mateo Atenco, por su trabajo y compromiso con el cuidado y bienestar de todas las y los adultos mayores atenquenses.<br><\/p>\n\n\n\n<p>En el evento tambi\u00e9n estuvo acompa\u00f1ada por el Diputado Alfredo Quiroz.<\/p>\n","protected":false},"excerpt":{"rendered":"<p>Mu\u00f1iz Neyra afirm\u00f3 que se les seguir\u00e1 apoyando en la obtenci\u00f3n de lentes, de aparatos funcionales y auditivos. En el municipio de San Mateo Atenco se llev\u00f3 a cabo la celebraci\u00f3n del d\u00eda del adulto mayor, fue la presidenta Ana Mu\u00f1iz Neyra la encargada de felicitar a los adultos y adultas mayores del municipio. \u201cCon [&hellip;]<\/p>\n","protected":false},"author":1,"featured_media":62530,"comment_status":"closed","ping_status":"closed","sticky":false,"template":"","format":"standard","meta":{"footnotes":""},"categories":[30,36],"tags":[],"class_list":["post-62529","post","type-post","status-publish","format-standard","has-post-thumbnail","hentry","category-destacado","category-edomex"],"_links":{"self":[{"href":"https:\/\/elinformante.mx\/index.php?rest_route=\/wp\/v2\/posts\/62529","targetHints":{"allow":["GET"]}}],"collection":[{"href":"https:\/\/elinformante.mx\/index.php?rest_route=\/wp\/v2\/posts"}],"about":[{"href":"https:\/\/elinformante.mx\/index.php?rest_route=\/wp\/v2\/types\/post"}],"author":[{"embeddable":true,"href":"https:\/\/elinformante.mx\/index.php?rest_route=\/wp\/v2\/users\/1"}],"replies":[{"embeddable":true,"href":"https:\/\/elinformante.mx\/index.php?rest_route=%2Fwp%2Fv2%2Fcomments&post=62529"}],"version-history":[{"count":0,"href":"https:\/\/elinformante.mx\/index.php?rest_route=\/wp\/v2\/posts\/62529\/revisions"}],"wp:featuredmedia":[{"embeddable":true,"href":"https:\/\/elinformante.mx\/index.php?rest_route=\/wp\/v2\/media\/62530"}],"wp:attachment":[{"href":"https:\/\/elinformante.mx\/index.php?rest_route=%2Fwp%2Fv2%2Fmedia&parent=62529"}],"wp:term":[{"taxonomy":"category","embeddable":true,"href":"https:\/\/elinformante.mx\/index.php?rest_route=%2Fwp%2Fv2%2Fcategories&post=62529"},{"taxonomy":"post_tag","embeddable":true,"href":"https:\/\/elinformante.mx\/index.php?rest_route=%2Fwp%2Fv2%2Ftags&post=62529"}],"curies":[{"name":"wp","href":"https:\/\/api.w.org\/{rel}","templated":true}]}}