{"id":62533,"date":"2024-08-27T06:55:30","date_gmt":"2024-08-27T12:55:30","guid":{"rendered":"https:\/\/elinformante.mx\/?p=62533"},"modified":"2024-08-27T06:55:31","modified_gmt":"2024-08-27T12:55:31","slug":"evalua-alejandra-donaji-niveles-de-desnutricion-de-las-infancias-y-juventudes","status":"publish","type":"post","link":"https:\/\/elinformante.mx\/?p=62533","title":{"rendered":"Eval\u00faa Alejandra Donaji niveles de desnutrici\u00f3n de las infancias y juventudes"},"content":{"rendered":"\n<blockquote class=\"wp-block-quote is-layout-flow wp-block-quote-is-layout-flow\">\n<p>El proyecto consiste en evaluar las condiciones de salud, de nutrici\u00f3n y de alimentaci\u00f3n de las ni\u00f1as y ni\u00f1os que viven dentro de prisi\u00f3n.<\/p>\n<\/blockquote>\n\n\n\n<p>Con el objetivo de analizar los niveles de desnutrici\u00f3n de las infancias y juventudes en condici\u00f3n de crianza en prisi\u00f3n, Alejandra Donaj\u00ed Benitez Arcienega, acad\u00e9mica de la Facultad de Medicina de la Universidad Aut\u00f3noma del Estado de M\u00e9xico (UAEM\u00e9x) trabaja un proyecto para evaluar el estado de salud nutricional.<br><\/p>\n\n\n\n<p>El proyecto consiste en evaluar las condiciones de salud, de nutrici\u00f3n y de alimentaci\u00f3n de las ni\u00f1as y ni\u00f1os que viven dentro de prisi\u00f3n junto con sus madres en el sistema penitenciario, asimismo, de adolescentes que se encuentran en centros de reinserci\u00f3n en el Valle de M\u00e9xico.<br><\/p>\n\n\n\n<p>Con una trayectoria de 24 a\u00f1os como acad\u00e9mica universitaria destac\u00f3 la importancia de estudiar a poblaciones en vulnerabilidad. Por esa raz\u00f3n, la acad\u00e9mica se\u00f1al\u00f3 la intenci\u00f3n para incidir en la reestructura de pol\u00edticas p\u00fablicas carcelarias en beneficio de la poblaci\u00f3n infantil. Acent\u00faa que, al valorar la pr\u00e1ctica alimentaria, se trabajen estrategias para la protecci\u00f3n alimentaria de las infancias y de las juventudes.<br><\/p>\n\n\n\n<p>Benitez Arcienega destac\u00f3 que como parte de la C\u00e1tedra de Investigaci\u00f3n \u201cInfancias con referentes de crianza en prisi\u00f3n. Infancia es destino\u201d, -la cual se desarrolla en conjunto con el Poder Judicial del Estado de M\u00e9xico, as\u00ed como con dependencias de los gobiernos estatal y federal- se logr\u00f3 la identificaci\u00f3n de anemia en infantes con referentes de crianza en prisi\u00f3n.<br><\/p>\n\n\n\n<p>Finalmente, mencion\u00f3 cu\u00e1n importante es la b\u00fasqueda del conocimiento y que al obtener la cercan\u00eda con los grupos vulnerables la atrae hacia su cuidado y su fortalecimiento para que salgan de esas brechas que los hacen vulnerables.<br><\/p>\n\n\n\n<p>Por ello, destac\u00f3 el papel que lidera dentro de la ciencia \u201cUna mujer en la ciencia es un elemento positivo para dar ejemplo a la sociedad, nuestro papel nos eleva, pero nosotras tambi\u00e9n elevamos a la ciencia con la participaci\u00f3n de la mujer\u201d sostuvo.<\/p>\n","protected":false},"excerpt":{"rendered":"<p>El proyecto consiste en evaluar las condiciones de salud, de nutrici\u00f3n y de alimentaci\u00f3n de las ni\u00f1as y ni\u00f1os que viven dentro de prisi\u00f3n. Con el objetivo de analizar los niveles de desnutrici\u00f3n de las infancias y juventudes en condici\u00f3n de crianza en prisi\u00f3n, Alejandra Donaj\u00ed Benitez Arcienega, acad\u00e9mica de la Facultad de Medicina de [&hellip;]<\/p>\n","protected":false},"author":1,"featured_media":62535,"comment_status":"closed","ping_status":"closed","sticky":false,"template":"","format":"standard","meta":{"footnotes":""},"categories":[36],"tags":[],"class_list":["post-62533","post","type-post","status-publish","format-standard","has-post-thumbnail","hentry","category-edomex"],"_links":{"self":[{"href":"https:\/\/elinformante.mx\/index.php?rest_route=\/wp\/v2\/posts\/62533","targetHints":{"allow":["GET"]}}],"collection":[{"href":"https:\/\/elinformante.mx\/index.php?rest_route=\/wp\/v2\/posts"}],"about":[{"href":"https:\/\/elinformante.mx\/index.php?rest_route=\/wp\/v2\/types\/post"}],"author":[{"embeddable":true,"href":"https:\/\/elinformante.mx\/index.php?rest_route=\/wp\/v2\/users\/1"}],"replies":[{"embeddable":true,"href":"https:\/\/elinformante.mx\/index.php?rest_route=%2Fwp%2Fv2%2Fcomments&post=62533"}],"version-history":[{"count":0,"href":"https:\/\/elinformante.mx\/index.php?rest_route=\/wp\/v2\/posts\/62533\/revisions"}],"wp:featuredmedia":[{"embeddable":true,"href":"https:\/\/elinformante.mx\/index.php?rest_route=\/wp\/v2\/media\/62535"}],"wp:attachment":[{"href":"https:\/\/elinformante.mx\/index.php?rest_route=%2Fwp%2Fv2%2Fmedia&parent=62533"}],"wp:term":[{"taxonomy":"category","embeddable":true,"href":"https:\/\/elinformante.mx\/index.php?rest_route=%2Fwp%2Fv2%2Fcategories&post=62533"},{"taxonomy":"post_tag","embeddable":true,"href":"https:\/\/elinformante.mx\/index.php?rest_route=%2Fwp%2Fv2%2Ftags&post=62533"}],"curies":[{"name":"wp","href":"https:\/\/api.w.org\/{rel}","templated":true}]}}