{"id":62537,"date":"2024-08-27T06:59:01","date_gmt":"2024-08-27T12:59:01","guid":{"rendered":"https:\/\/elinformante.mx\/?p=62537"},"modified":"2024-08-27T06:59:02","modified_gmt":"2024-08-27T12:59:02","slug":"reacreditan-por-segunda-ocasion-la-licenciatura-de-derecho-del-centro-universitario-uaemex-atlacomulco","status":"publish","type":"post","link":"https:\/\/elinformante.mx\/?p=62537","title":{"rendered":"Reacreditan por segunda ocasi\u00f3n la licenciatura de Derecho del Centro Universitario UAEM\u00e9x Atlacomulco"},"content":{"rendered":"\n<blockquote class=\"wp-block-quote is-layout-flow wp-block-quote-is-layout-flow\">\n<p>Se devel\u00f3 la placa de esta segunda reacreditaci\u00f3n de la licenciatura de la UAEM\u00e9x y se entreg\u00f3 la constancia correspondiente por parte del Consejo Nacional para la Acreditaci\u00f3n de la Educaci\u00f3n Superior en Derecho.<\/p>\n<\/blockquote>\n\n\n\n<p>En reconocimiento a su calidad y pertinencia, la Licenciatura en Derecho del Centro Universitario Atlacomulco de la Universidad Aut\u00f3noma del Estado de M\u00e9xico (UAEM\u00e9x) fue reacreditada por segunda ocasi\u00f3n, hasta el a\u00f1o 2029, por el Consejo Nacional para la Acreditaci\u00f3n de la Educaci\u00f3n Superior en Derecho (CONFEDE), organismo reconocido por el Consejo para la Acreditaci\u00f3n de la Educaci\u00f3n Superior (COPAES).<br><\/p>\n\n\n\n<p>Durante la ceremonia de develaci\u00f3n de la placa de esta segunda reacreditaci\u00f3n y la entrega de la constancia correspondiente por parte del presidente de dicho consejo, Jos\u00e9 Antonio N\u00fa\u00f1ez Ochoa, el secretario de Docencia de la Aut\u00f3noma mexiquense, Jos\u00e9 Raymundo Marcial Romero, afirm\u00f3 que la evaluaci\u00f3n y acreditaci\u00f3n ante organismos externos contribuye a mantener a la UAEM\u00e9x como una de las mejores universidades p\u00fablicas estatales del pa\u00eds y coadyuva a destacar su calidad acad\u00e9mica.<br><\/p>\n\n\n\n<p>Ante el director del Centro Universitario UAEM\u00e9x Atlacomulco, Nephtal\u00ed Pierre Romero Navarrete, y la coordinadora de la Licenciatura en Derecho en este espacio universitario, Tania Mart\u00ednez Bello, Marcial Romero sostuvo que a 196 a\u00f1os de su fundaci\u00f3n, la UAEM\u00e9x contin\u00faa fortaleciendo su identidad y legado a trav\u00e9s de la acreditaci\u00f3n de sus programas de estudios profesionales.<br><\/p>\n\n\n\n<p>Por su parte, Jos\u00e9 Antonio N\u00fa\u00f1ez Ochoa felicit\u00f3 a la comunidad del Centro Universitario Atlacomulco por el gran esfuerzo que realiz\u00f3 para lograr esta segunda reacreditaci\u00f3n.<br><\/p>\n\n\n\n<p>Refiri\u00f3 que en M\u00e9xico hay m\u00e1s de dos mil facultades y escuelas de derecho, de las cuales, s\u00f3lo 90 han sido acreditadas y 40 han sido reacreditadas, entre ellas, el Centro Universitario UAEM Atlacomulco, lo que habla de una instituci\u00f3n muy seria, comprometida con la calidad.<br><\/p>\n\n\n\n<p>Nephtal\u00ed Pierre Romero Navarrete subray\u00f3 que la Licenciatura en Derecho, uno de los seis programas acad\u00e9micos que ofrece este campus, fue evaluada y cumple con los criterios, indicadores y par\u00e1metros de calidad establecidos por CONFEDE.<\/p>\n","protected":false},"excerpt":{"rendered":"<p>Se devel\u00f3 la placa de esta segunda reacreditaci\u00f3n de la licenciatura de la UAEM\u00e9x y se entreg\u00f3 la constancia correspondiente por parte del Consejo Nacional para la Acreditaci\u00f3n de la Educaci\u00f3n Superior en Derecho. En reconocimiento a su calidad y pertinencia, la Licenciatura en Derecho del Centro Universitario Atlacomulco de la Universidad Aut\u00f3noma del Estado [&hellip;]<\/p>\n","protected":false},"author":1,"featured_media":62538,"comment_status":"closed","ping_status":"closed","sticky":false,"template":"","format":"standard","meta":{"footnotes":""},"categories":[36],"tags":[],"class_list":["post-62537","post","type-post","status-publish","format-standard","has-post-thumbnail","hentry","category-edomex"],"_links":{"self":[{"href":"https:\/\/elinformante.mx\/index.php?rest_route=\/wp\/v2\/posts\/62537","targetHints":{"allow":["GET"]}}],"collection":[{"href":"https:\/\/elinformante.mx\/index.php?rest_route=\/wp\/v2\/posts"}],"about":[{"href":"https:\/\/elinformante.mx\/index.php?rest_route=\/wp\/v2\/types\/post"}],"author":[{"embeddable":true,"href":"https:\/\/elinformante.mx\/index.php?rest_route=\/wp\/v2\/users\/1"}],"replies":[{"embeddable":true,"href":"https:\/\/elinformante.mx\/index.php?rest_route=%2Fwp%2Fv2%2Fcomments&post=62537"}],"version-history":[{"count":0,"href":"https:\/\/elinformante.mx\/index.php?rest_route=\/wp\/v2\/posts\/62537\/revisions"}],"wp:featuredmedia":[{"embeddable":true,"href":"https:\/\/elinformante.mx\/index.php?rest_route=\/wp\/v2\/media\/62538"}],"wp:attachment":[{"href":"https:\/\/elinformante.mx\/index.php?rest_route=%2Fwp%2Fv2%2Fmedia&parent=62537"}],"wp:term":[{"taxonomy":"category","embeddable":true,"href":"https:\/\/elinformante.mx\/index.php?rest_route=%2Fwp%2Fv2%2Fcategories&post=62537"},{"taxonomy":"post_tag","embeddable":true,"href":"https:\/\/elinformante.mx\/index.php?rest_route=%2Fwp%2Fv2%2Ftags&post=62537"}],"curies":[{"name":"wp","href":"https:\/\/api.w.org\/{rel}","templated":true}]}}