{"id":62540,"date":"2024-08-27T07:08:28","date_gmt":"2024-08-27T13:08:28","guid":{"rendered":"https:\/\/elinformante.mx\/?p=62540"},"modified":"2024-08-27T07:08:30","modified_gmt":"2024-08-27T13:08:30","slug":"uaemex-refuerza-los-vinculos-entre-academia-sociedad-y-gobierno","status":"publish","type":"post","link":"https:\/\/elinformante.mx\/?p=62540","title":{"rendered":"UAEM\u00e9x refuerza los v\u00ednculos entre academia, sociedad y gobierno"},"content":{"rendered":"\n<blockquote class=\"wp-block-quote is-layout-flow wp-block-quote-is-layout-flow\">\n<p>La participaci\u00f3n de la UAEM\u00e9x en estas jornadas reafirma su compromiso con la generaci\u00f3n de soluciones cient\u00edficas y tecnol\u00f3gicas que beneficien a la sociedad mexicana.<\/p>\n<\/blockquote>\n\n\n\n<p>El rector de la UAEM\u00e9x, Carlos Eduardo Barrera D\u00edaz, particip\u00f3 activamente en las Jornadas Pronaces Conahcyt 2019-2024, un espacio clave para fortalecer la colaboraci\u00f3n entre academia, sociedad y gobierno.<br><\/p>\n\n\n\n<p>Este evento, encabezado por Elena Buylla, directora de Conahcyt M\u00e9xico, permiti\u00f3 compartir conocimientos, experiencias y propuestas que buscan impulsar el desarrollo cient\u00edfico y tecnol\u00f3gico en M\u00e9xico.<br><\/p>\n\n\n\n<figure class=\"wp-block-image size-large\"><img fetchpriority=\"high\" decoding=\"async\" width=\"1024\" height=\"503\" src=\"https:\/\/elinformante.mx\/wp-content\/uploads\/2024\/08\/10rector-1-1024x503.jpg\" alt=\"\" class=\"wp-image-62542\" srcset=\"https:\/\/elinformante.mx\/wp-content\/uploads\/2024\/08\/10rector-1-1024x503.jpg 1024w, https:\/\/elinformante.mx\/wp-content\/uploads\/2024\/08\/10rector-1-300x147.jpg 300w, https:\/\/elinformante.mx\/wp-content\/uploads\/2024\/08\/10rector-1-768x377.jpg 768w, https:\/\/elinformante.mx\/wp-content\/uploads\/2024\/08\/10rector-1-580x285.jpg 580w, https:\/\/elinformante.mx\/wp-content\/uploads\/2024\/08\/10rector-1-860x422.jpg 860w, https:\/\/elinformante.mx\/wp-content\/uploads\/2024\/08\/10rector-1.jpg 1140w\" sizes=\"(max-width: 1024px) 100vw, 1024px\" \/><\/figure>\n\n\n\n<p>Durante el encuentro, Barrera D\u00edaz sostuvo di\u00e1logos importantes con Luciano Concheiro B\u00f3rquez, subsecretario de Educaci\u00f3n Superior, y Dr. Luis Armando Gonz\u00e1lez Placencia, secretario general ejecutivo de la ANUIES, con quienes discuti\u00f3 sobre el futuro de la educaci\u00f3n superior en el pa\u00eds.<br><\/p>\n\n\n\n<p>La participaci\u00f3n de la UAEM\u00e9x en estas jornadas reafirma su compromiso con la generaci\u00f3n de soluciones cient\u00edficas y tecnol\u00f3gicas que beneficien a la sociedad mexicana.<\/p>\n","protected":false},"excerpt":{"rendered":"<p>La participaci\u00f3n de la UAEM\u00e9x en estas jornadas reafirma su compromiso con la generaci\u00f3n de soluciones cient\u00edficas y tecnol\u00f3gicas que beneficien a la sociedad mexicana. El rector de la UAEM\u00e9x, Carlos Eduardo Barrera D\u00edaz, particip\u00f3 activamente en las Jornadas Pronaces Conahcyt 2019-2024, un espacio clave para fortalecer la colaboraci\u00f3n entre academia, sociedad y gobierno. Este [&hellip;]<\/p>\n","protected":false},"author":1,"featured_media":62541,"comment_status":"closed","ping_status":"closed","sticky":false,"template":"","format":"standard","meta":{"footnotes":""},"categories":[30,36],"tags":[],"class_list":["post-62540","post","type-post","status-publish","format-standard","has-post-thumbnail","hentry","category-destacado","category-edomex"],"_links":{"self":[{"href":"https:\/\/elinformante.mx\/index.php?rest_route=\/wp\/v2\/posts\/62540","targetHints":{"allow":["GET"]}}],"collection":[{"href":"https:\/\/elinformante.mx\/index.php?rest_route=\/wp\/v2\/posts"}],"about":[{"href":"https:\/\/elinformante.mx\/index.php?rest_route=\/wp\/v2\/types\/post"}],"author":[{"embeddable":true,"href":"https:\/\/elinformante.mx\/index.php?rest_route=\/wp\/v2\/users\/1"}],"replies":[{"embeddable":true,"href":"https:\/\/elinformante.mx\/index.php?rest_route=%2Fwp%2Fv2%2Fcomments&post=62540"}],"version-history":[{"count":0,"href":"https:\/\/elinformante.mx\/index.php?rest_route=\/wp\/v2\/posts\/62540\/revisions"}],"wp:featuredmedia":[{"embeddable":true,"href":"https:\/\/elinformante.mx\/index.php?rest_route=\/wp\/v2\/media\/62541"}],"wp:attachment":[{"href":"https:\/\/elinformante.mx\/index.php?rest_route=%2Fwp%2Fv2%2Fmedia&parent=62540"}],"wp:term":[{"taxonomy":"category","embeddable":true,"href":"https:\/\/elinformante.mx\/index.php?rest_route=%2Fwp%2Fv2%2Fcategories&post=62540"},{"taxonomy":"post_tag","embeddable":true,"href":"https:\/\/elinformante.mx\/index.php?rest_route=%2Fwp%2Fv2%2Ftags&post=62540"}],"curies":[{"name":"wp","href":"https:\/\/api.w.org\/{rel}","templated":true}]}}