{"id":62558,"date":"2024-08-27T07:25:49","date_gmt":"2024-08-27T13:25:49","guid":{"rendered":"https:\/\/elinformante.mx\/?p=62558"},"modified":"2024-08-27T07:25:51","modified_gmt":"2024-08-27T13:25:51","slug":"convoca-gem-a-la-primera-jornada-limpiemos-nuestro-edomex-horacio-duarte","status":"publish","type":"post","link":"https:\/\/elinformante.mx\/?p=62558","title":{"rendered":"Convoca GEM a la primera jornada \u201cLimpiemos nuestro Edom\u00e9x\u201d: Horacio Duarte"},"content":{"rendered":"\n<blockquote class=\"wp-block-quote is-layout-flow wp-block-quote-is-layout-flow\">\n<p>En esta convocatoria podr\u00e1n participar mexiquenses de los 125 municipios, y ser\u00e1 encabezada por la Gobernadora Delfina G\u00f3mez, adem\u00e1s participar\u00e1n servidores p\u00fablicos de la entidad, mencion\u00f3 el Secretario General de Gobierno.<\/p>\n<\/blockquote>\n\n\n\n<p>El Gobierno de la Maestra Delfina G\u00f3mez \u00c1lvarez convoc\u00f3 a todas y todos los mexiquenses, Presidentes Municipales, Diputados Locales y Federales, c\u00e1maras, asociaciones y escuelas a sumarse a la primera jornada de \u201cLimpiemos Nuestro Edomex\u201d que se realizar\u00e1 el pr\u00f3ximo viernes 30 de agosto en toda la entidad, inform\u00f3 Horacio Duarte Olivares, Secretario General de Gobierno.<br><\/p>\n\n\n\n<figure class=\"wp-block-image size-large\"><img fetchpriority=\"high\" decoding=\"async\" width=\"1024\" height=\"503\" src=\"https:\/\/elinformante.mx\/wp-content\/uploads\/2024\/08\/8horacio-2-1024x503.jpg\" alt=\"\" class=\"wp-image-62560\" srcset=\"https:\/\/elinformante.mx\/wp-content\/uploads\/2024\/08\/8horacio-2-1024x503.jpg 1024w, https:\/\/elinformante.mx\/wp-content\/uploads\/2024\/08\/8horacio-2-300x147.jpg 300w, https:\/\/elinformante.mx\/wp-content\/uploads\/2024\/08\/8horacio-2-768x377.jpg 768w, https:\/\/elinformante.mx\/wp-content\/uploads\/2024\/08\/8horacio-2-580x285.jpg 580w, https:\/\/elinformante.mx\/wp-content\/uploads\/2024\/08\/8horacio-2-860x422.jpg 860w, https:\/\/elinformante.mx\/wp-content\/uploads\/2024\/08\/8horacio-2.jpg 1140w\" sizes=\"(max-width: 1024px) 100vw, 1024px\" \/><\/figure>\n\n\n\n<p>En esta primera jornada, tambi\u00e9n participar\u00e1n las 18 Secretar\u00edas y miles de servidores p\u00fablicos que integran el Gobierno del Estado de M\u00e9xico y las administraciones de los 125 municipios, de tal manera que la limpieza ser\u00e1 colaborativa con el objetivo de cambiar parte del entorno de la entidad y prevenir inundaciones.<br><\/p>\n\n\n\n<p>\u201cVamos a hacer una gran jornada entre nueve de la ma\u00f1ana y una de la tarde, para limpiar un n\u00famero importante de avenidas, parques, r\u00edos, arroyos, canales, porque hemos visto ahora que se present\u00f3 el fen\u00f3meno de las inundaciones, el mayor problema de las inundaciones es casi siempre por taponamiento de basura\u201d, se\u00f1al\u00f3 Horacio Duarte Olivares, Secretario General de Gobierno.<br><\/p>\n\n\n\n<figure class=\"wp-block-image size-large\"><img decoding=\"async\" width=\"1024\" height=\"503\" src=\"https:\/\/elinformante.mx\/wp-content\/uploads\/2024\/08\/8horacio-1024x503.jpg\" alt=\"\" class=\"wp-image-62561\" srcset=\"https:\/\/elinformante.mx\/wp-content\/uploads\/2024\/08\/8horacio-1024x503.jpg 1024w, https:\/\/elinformante.mx\/wp-content\/uploads\/2024\/08\/8horacio-300x147.jpg 300w, https:\/\/elinformante.mx\/wp-content\/uploads\/2024\/08\/8horacio-768x377.jpg 768w, https:\/\/elinformante.mx\/wp-content\/uploads\/2024\/08\/8horacio-580x285.jpg 580w, https:\/\/elinformante.mx\/wp-content\/uploads\/2024\/08\/8horacio-860x422.jpg 860w, https:\/\/elinformante.mx\/wp-content\/uploads\/2024\/08\/8horacio.jpg 1140w\" sizes=\"(max-width: 1024px) 100vw, 1024px\" \/><\/figure>\n\n\n\n<p>Sobre las afectaciones en el municipio de Chalco, derivado de las lluvias hist\u00f3ricas, Horacio Duarte Olivares, Secretario General de Gobierno inform\u00f3 que este fin de semana se lograron romper los tres tapones de basura que no permit\u00edan que pudiera fluir el agua de manera eficiente en el Colector Solidaridad 1.<br><\/p>\n\n\n\n<p>\u201cQuitamos tres tapones, nada m\u00e1s para que lo vean, ese ducto, ese dren que se tap\u00f3, es un dren de 2.50 metros, solo ten\u00eda paso de 30 cent\u00edmetros, ten\u00eda tres taponamientos, uno de 12 metros, uno de 15 y otro de 20 metros de largo, por todo lo ancho\u201d, detall\u00f3 Horacio Duarte Olivares, Secretario General de Gobierno.<br><\/p>\n\n\n\n<figure class=\"wp-block-image size-large\"><img decoding=\"async\" width=\"1024\" height=\"503\" src=\"https:\/\/elinformante.mx\/wp-content\/uploads\/2024\/08\/8horacio-4-1024x503.jpg\" alt=\"\" class=\"wp-image-62562\" srcset=\"https:\/\/elinformante.mx\/wp-content\/uploads\/2024\/08\/8horacio-4-1024x503.jpg 1024w, https:\/\/elinformante.mx\/wp-content\/uploads\/2024\/08\/8horacio-4-300x147.jpg 300w, https:\/\/elinformante.mx\/wp-content\/uploads\/2024\/08\/8horacio-4-768x377.jpg 768w, https:\/\/elinformante.mx\/wp-content\/uploads\/2024\/08\/8horacio-4-580x285.jpg 580w, https:\/\/elinformante.mx\/wp-content\/uploads\/2024\/08\/8horacio-4-860x422.jpg 860w, https:\/\/elinformante.mx\/wp-content\/uploads\/2024\/08\/8horacio-4.jpg 1140w\" sizes=\"(max-width: 1024px) 100vw, 1024px\" \/><\/figure>\n\n\n\n<p>Adem\u00e1s, inform\u00f3 que por instrucci\u00f3n del Presidente Andr\u00e9s Manuel L\u00f3pez Obrador y de la Gobernadora Delfina G\u00f3mez \u00c1lvarez, todas las dependencias se abocar\u00e1n en el arranque de la obra del Colector Solidaridad 1.<br><\/p>\n\n\n\n<p>\u201cHoy se van a arrancar las obras del Colector Solidaridad 1, se van a reanudar, se hab\u00edan suspendido desde hace muchos a\u00f1os\u201d, dijo Horacio Duarte Olivares, Secretario General de Gobierno.<\/p>\n","protected":false},"excerpt":{"rendered":"<p>En esta convocatoria podr\u00e1n participar mexiquenses de los 125 municipios, y ser\u00e1 encabezada por la Gobernadora Delfina G\u00f3mez, adem\u00e1s participar\u00e1n servidores p\u00fablicos de la entidad, mencion\u00f3 el Secretario General de Gobierno. El Gobierno de la Maestra Delfina G\u00f3mez \u00c1lvarez convoc\u00f3 a todas y todos los mexiquenses, Presidentes Municipales, Diputados Locales y Federales, c\u00e1maras, asociaciones y [&hellip;]<\/p>\n","protected":false},"author":1,"featured_media":62559,"comment_status":"closed","ping_status":"closed","sticky":false,"template":"","format":"standard","meta":{"footnotes":""},"categories":[30,36,31],"tags":[],"class_list":["post-62558","post","type-post","status-publish","format-standard","has-post-thumbnail","hentry","category-destacado","category-edomex","category-portada"],"_links":{"self":[{"href":"https:\/\/elinformante.mx\/index.php?rest_route=\/wp\/v2\/posts\/62558","targetHints":{"allow":["GET"]}}],"collection":[{"href":"https:\/\/elinformante.mx\/index.php?rest_route=\/wp\/v2\/posts"}],"about":[{"href":"https:\/\/elinformante.mx\/index.php?rest_route=\/wp\/v2\/types\/post"}],"author":[{"embeddable":true,"href":"https:\/\/elinformante.mx\/index.php?rest_route=\/wp\/v2\/users\/1"}],"replies":[{"embeddable":true,"href":"https:\/\/elinformante.mx\/index.php?rest_route=%2Fwp%2Fv2%2Fcomments&post=62558"}],"version-history":[{"count":0,"href":"https:\/\/elinformante.mx\/index.php?rest_route=\/wp\/v2\/posts\/62558\/revisions"}],"wp:featuredmedia":[{"embeddable":true,"href":"https:\/\/elinformante.mx\/index.php?rest_route=\/wp\/v2\/media\/62559"}],"wp:attachment":[{"href":"https:\/\/elinformante.mx\/index.php?rest_route=%2Fwp%2Fv2%2Fmedia&parent=62558"}],"wp:term":[{"taxonomy":"category","embeddable":true,"href":"https:\/\/elinformante.mx\/index.php?rest_route=%2Fwp%2Fv2%2Fcategories&post=62558"},{"taxonomy":"post_tag","embeddable":true,"href":"https:\/\/elinformante.mx\/index.php?rest_route=%2Fwp%2Fv2%2Ftags&post=62558"}],"curies":[{"name":"wp","href":"https:\/\/api.w.org\/{rel}","templated":true}]}}