{"id":62575,"date":"2024-08-27T07:39:04","date_gmt":"2024-08-27T13:39:04","guid":{"rendered":"https:\/\/elinformante.mx\/?p=62575"},"modified":"2024-08-27T07:39:05","modified_gmt":"2024-08-27T13:39:05","slug":"alerta-por-violencia-contra-las-mujeres-en-cdmx-si-sirvio-marti-batres","status":"publish","type":"post","link":"https:\/\/elinformante.mx\/?p=62575","title":{"rendered":"Alerta por Violencia contra las mujeres en CDMX si sirvi\u00f3: Mart\u00ed Batres"},"content":{"rendered":"\n<blockquote class=\"wp-block-quote is-layout-flow wp-block-quote-is-layout-flow\">\n<p>Desde que se decret\u00f3 la Alerta por Violencia contra las Mujeres a la fecha, las muertes violentas de mujeres han disminuido 35.7 por ciento y las \u00f3rdenes de aprehensi\u00f3n por delitos de violencia de g\u00e9nero han aumentado 106 por ciento.<\/p>\n<\/blockquote>\n\n\n\n<p>El Jefe de Gobierno, Mart\u00ed Batres Guadarrama, destac\u00f3 que, a m\u00e1s de cuatro a\u00f1os y medio de decretarse la Alerta por Violencia contra las Mujeres en la Ciudad de M\u00e9xico, el 25 de noviembre de 2019, s\u00ed sirvi\u00f3 esta medida impulsada por la exJefa de Gobierno, Claudia Sheinbaum Pardo, hoy Presidenta electa, que signific\u00f3 vencer los prejuicios y anteponer el inter\u00e9s de las mujeres por encima de cualquier consideraci\u00f3n de imagen gubernamental.<br><\/p>\n\n\n\n<p>Mencion\u00f3 que entre 2013 y 2017 los delitos en contra de las mujeres en CDMX se dispararon de manera alarmante; razon por la que emiti\u00f3 la Alerta de G\u00e9nero, a\u00fan que sin \u00e9xito, por lo que se tuvo que asumir desde el gobierno de la CDMX una perspectiva de g\u00e9nero, se transformaron estructuras en atenci\u00f3n de delitos sexuales y de g\u00e9nero, aumentando la confianza de las mujeres en la Fiscal\u00eda, la pol\u00edcia y dem\u00e1s instituciones.<br><\/p>\n\n\n\n<p>As\u00ed lo dio a conocer al presentar el Informe de Resultados de la Alerta, correspondiente al periodo noviembre 2019 &#8211; agosto 2024, el mandatario capitalino subray\u00f3 que, en este lapso, aument\u00f3 la percepci\u00f3n de seguridad entre las mujeres, el n\u00famero de detenciones y vinculaciones a proceso de agresores, as\u00ed como el n\u00famero de sentencias por feminicidio, a la vez que disminuy\u00f3 el n\u00famero de v\u00edctimas por violaci\u00f3n y feminicidio.<br><\/p>\n\n\n\n<p>Adem\u00e1s de unificarse los Centros de Atenci\u00f3n Integral, del entonces Instituto de las Mujeres, con las Unidades de Atenci\u00f3n y Prevenci\u00f3n de la Violencia Familiar, y se crearon las LUNAS; se impuls\u00f3 la estrategia de Abogadas de las Mujeres; se construyeron mil 120 kil\u00f3metros de Senderos Seguros: se instal\u00f3 el Sistema de Cuidados de la Ciudad de M\u00e9xico; adem\u00e1s de crearese la Unidad de G\u00e9nero y se elev\u00f3 a rango de ley en la Secretar\u00eda de Seguridad Ciudadana.<br><\/p>\n\n\n\n<p>El Jefe de Gobierno resalt\u00f3 la aprobaci\u00f3n de la Ley Olimpia para reconocer la violencia digital y sancionar los delitos que violen la intimidad sexual de las mujeres; la Ley Ingrid, para castigar a quien difunda material audiovisual o fotogr\u00e1fico de v\u00edctimas de feminicidio; la Ley Malena, contra la violencia \u00e1cida; y la Ley Vicaria para defender el derecho de las madres de permanecer con sus hijos.<br><\/p>\n\n\n\n<p>\u201cSe cre\u00f3 el n\u00famero *765, se cre\u00f3 el Banco de ADN de Agresores Sexuales, se cre\u00f3 el Registro P\u00fablico Agresores Sexuales, se impuls\u00f3 la ley y el programa \u201cEl agresor sale de casa\u201d, para que no sean las mujeres v\u00edctimas de violencia quienes tengan que salir. Tambi\u00e9n se sigui\u00f3 impulsando el programa de \u201cBienestar para Mujeres en Situaci\u00f3n de Violencia\u201d; se generaron diversos paquetes de libertad anticipada a mujeres encarceladas por diversas causas. Asimismo, se impuls\u00f3 el Hospital de La Pastora para enfermedades de c\u00e1ncer\u201d, dijo.<br><\/p>\n\n\n\n<p>En el terreno simb\u00f3lico, pol\u00edtico y transformador, a\u00f1adi\u00f3, se coloc\u00f3 la escultura \u201cLa Joven de Amajac\u201d y se construy\u00f3 el corredor escult\u00f3rico Paseo de las Hero\u00ednas, en Paseo de la Reforma; y en fechas recientes, inici\u00f3 el proceso para cambiar el nombre de calles y avenidas que se llaman \u201cGustavo D\u00edaz Ordaz\u201d, por el de mujeres intelectuales, artistas y revolucionarias como Rita Guerrero, Adela Salazar, Elvia Carrillo Puerto, Remedios Varo, Rosario Castellanos, Adela Velarde, Valentina Ram\u00edrez y Matilde Montoya.<br><\/p>\n\n\n\n<p>Con relaci\u00f3n a la L\u00ednea SOS Mujeres *765, coment\u00f3 que del 1 de septiembre de 2022 al 31 de julio de 2024, se respondieron m\u00e1s de 198 mil llamadas e identificaron 6 mil 500 posibles casos de riesgo feminicida, mismos que fueron atendidos oportunamente por la SEMUJERES.<br><\/p>\n\n\n\n<p>En cuanto a medias de prevenci\u00f3n, dijo, se han realizado alrededor de mil intervenciones a planteles educativos de nivel medio superior para prevenir y atender casos de violencia, as\u00ed como la instalaci\u00f3n de la \u201cEscuela Feminista de Verano\u201d en las instalaciones de las LUNAS, y la conformaci\u00f3n de la \u201cTiendita Feminista\u201d, en la que participan 266 mujeres; adem\u00e1s, a trav\u00e9s del cr\u00e9dito \u201cLibertad Mujer\u201d de Financiera para el Bienestar del Gobierno de M\u00e9xico, han sido apoyados 27 proyectos.<\/p>\n","protected":false},"excerpt":{"rendered":"<p>Desde que se decret\u00f3 la Alerta por Violencia contra las Mujeres a la fecha, las muertes violentas de mujeres han disminuido 35.7 por ciento y las \u00f3rdenes de aprehensi\u00f3n por delitos de violencia de g\u00e9nero han aumentado 106 por ciento. El Jefe de Gobierno, Mart\u00ed Batres Guadarrama, destac\u00f3 que, a m\u00e1s de cuatro a\u00f1os y [&hellip;]<\/p>\n","protected":false},"author":1,"featured_media":62576,"comment_status":"closed","ping_status":"closed","sticky":false,"template":"","format":"standard","meta":{"footnotes":""},"categories":[35,30],"tags":[],"class_list":["post-62575","post","type-post","status-publish","format-standard","has-post-thumbnail","hentry","category-cdmx","category-destacado"],"_links":{"self":[{"href":"https:\/\/elinformante.mx\/index.php?rest_route=\/wp\/v2\/posts\/62575","targetHints":{"allow":["GET"]}}],"collection":[{"href":"https:\/\/elinformante.mx\/index.php?rest_route=\/wp\/v2\/posts"}],"about":[{"href":"https:\/\/elinformante.mx\/index.php?rest_route=\/wp\/v2\/types\/post"}],"author":[{"embeddable":true,"href":"https:\/\/elinformante.mx\/index.php?rest_route=\/wp\/v2\/users\/1"}],"replies":[{"embeddable":true,"href":"https:\/\/elinformante.mx\/index.php?rest_route=%2Fwp%2Fv2%2Fcomments&post=62575"}],"version-history":[{"count":0,"href":"https:\/\/elinformante.mx\/index.php?rest_route=\/wp\/v2\/posts\/62575\/revisions"}],"wp:featuredmedia":[{"embeddable":true,"href":"https:\/\/elinformante.mx\/index.php?rest_route=\/wp\/v2\/media\/62576"}],"wp:attachment":[{"href":"https:\/\/elinformante.mx\/index.php?rest_route=%2Fwp%2Fv2%2Fmedia&parent=62575"}],"wp:term":[{"taxonomy":"category","embeddable":true,"href":"https:\/\/elinformante.mx\/index.php?rest_route=%2Fwp%2Fv2%2Fcategories&post=62575"},{"taxonomy":"post_tag","embeddable":true,"href":"https:\/\/elinformante.mx\/index.php?rest_route=%2Fwp%2Fv2%2Ftags&post=62575"}],"curies":[{"name":"wp","href":"https:\/\/api.w.org\/{rel}","templated":true}]}}