{"id":62578,"date":"2024-08-27T07:40:49","date_gmt":"2024-08-27T13:40:49","guid":{"rendered":"https:\/\/elinformante.mx\/?p=62578"},"modified":"2024-08-27T07:40:50","modified_gmt":"2024-08-27T13:40:50","slug":"en-hidalgo-aumentaron-las-denuncias-por-violencia-escolar","status":"publish","type":"post","link":"https:\/\/elinformante.mx\/?p=62578","title":{"rendered":"En Hidalgo aumentaron las denuncias por violencia escolar"},"content":{"rendered":"\n<blockquote class=\"wp-block-quote is-layout-flow wp-block-quote-is-layout-flow\">\n<p>Solamente en el ciclo anterior se registraron al menos 560 denuncias por este hecho.<\/p>\n<\/blockquote>\n\n\n\n<p>Durante el ciclo escolar pasado la Secretar\u00eda de Educaci\u00f3n P\u00fablica de Hidalgo, recibi\u00f3 alrededor de 560 denuncias por violencia escolar. La mayor\u00eda de estas entre los mismos estudiantes, se\u00f1al\u00f3 el titular de la dependencia Natividad Castrejon. Explic\u00f3 que la incidencia de acoso escolar es un reflejo de lo que viven los menores en sus hogares y dijo que en M\u00e9xico, la mitad de los ni\u00f1os son agredidos por sus padres de manera permanente o de forma frecuente.<br><\/p>\n\n\n\n<p>Este d\u00eda regresaron a las aulas m\u00e1s de 560 mil estudiantes de educaci\u00f3n b\u00e1sica, por lo que el funcionario resalt\u00f3 que est\u00e1n atentos a cualquier situaci\u00f3n que pudiera registrarse, ya sea entre los menores, o bien con profesores que son la mayor\u00eda de incidentes de violencia.<br><\/p>\n\n\n\n<p>Acept\u00f3 que tambi\u00e9n se han tenido algunos casos de abuso sexual, sin embargo dijo esto en su mayor\u00eda son detectados en las escuelas, pero no se cometen al interior de los planteles.<\/p>\n","protected":false},"excerpt":{"rendered":"<p>Solamente en el ciclo anterior se registraron al menos 560 denuncias por este hecho. Durante el ciclo escolar pasado la Secretar\u00eda de Educaci\u00f3n P\u00fablica de Hidalgo, recibi\u00f3 alrededor de 560 denuncias por violencia escolar. La mayor\u00eda de estas entre los mismos estudiantes, se\u00f1al\u00f3 el titular de la dependencia Natividad Castrejon. Explic\u00f3 que la incidencia de [&hellip;]<\/p>\n","protected":false},"author":1,"featured_media":62579,"comment_status":"closed","ping_status":"closed","sticky":false,"template":"","format":"standard","meta":{"footnotes":""},"categories":[34],"tags":[],"class_list":["post-62578","post","type-post","status-publish","format-standard","has-post-thumbnail","hentry","category-nacional"],"_links":{"self":[{"href":"https:\/\/elinformante.mx\/index.php?rest_route=\/wp\/v2\/posts\/62578","targetHints":{"allow":["GET"]}}],"collection":[{"href":"https:\/\/elinformante.mx\/index.php?rest_route=\/wp\/v2\/posts"}],"about":[{"href":"https:\/\/elinformante.mx\/index.php?rest_route=\/wp\/v2\/types\/post"}],"author":[{"embeddable":true,"href":"https:\/\/elinformante.mx\/index.php?rest_route=\/wp\/v2\/users\/1"}],"replies":[{"embeddable":true,"href":"https:\/\/elinformante.mx\/index.php?rest_route=%2Fwp%2Fv2%2Fcomments&post=62578"}],"version-history":[{"count":0,"href":"https:\/\/elinformante.mx\/index.php?rest_route=\/wp\/v2\/posts\/62578\/revisions"}],"wp:featuredmedia":[{"embeddable":true,"href":"https:\/\/elinformante.mx\/index.php?rest_route=\/wp\/v2\/media\/62579"}],"wp:attachment":[{"href":"https:\/\/elinformante.mx\/index.php?rest_route=%2Fwp%2Fv2%2Fmedia&parent=62578"}],"wp:term":[{"taxonomy":"category","embeddable":true,"href":"https:\/\/elinformante.mx\/index.php?rest_route=%2Fwp%2Fv2%2Fcategories&post=62578"},{"taxonomy":"post_tag","embeddable":true,"href":"https:\/\/elinformante.mx\/index.php?rest_route=%2Fwp%2Fv2%2Ftags&post=62578"}],"curies":[{"name":"wp","href":"https:\/\/api.w.org\/{rel}","templated":true}]}}